{"id":6912,"date":"2022-10-14T11:46:57","date_gmt":"2022-10-14T14:46:57","guid":{"rendered":"https:\/\/lavozpuntana.com\/?p=6912"},"modified":"2022-10-14T11:46:59","modified_gmt":"2022-10-14T14:46:59","slug":"se-produjo-en-vuelco-en-avenida-santos-ortiz","status":"publish","type":"post","link":"https:\/\/lavozpuntana.com\/?p=6912","title":{"rendered":"SE PRODUJO EN VUELCO EN AVENIDA SANTOS ORTIZ"},"content":{"rendered":"\n<p><strong>El hecho ocurri\u00f3 en la madrugada del viernes. Un hombre mayor de edad circulaba en su veh\u00edculo y, por razones que se tratan de establecer, termina perdiendo el control y despintando.<\/strong><\/p>\n\n\n\n<p>El auto se va hacia el costado izquierdo e impacta contra los arbustos del cantero central de la Avenida y termina Volcando. Da al menos dos tumbos, y termina de costado sobre el carril contrario.<\/p>\n\n\n\n<p>El conductor y \u00fanico ocupante qued\u00f3 atrapado dentro del mismo y fue asistido por automovilistas que circulan por el lugar. Logran dar vuelta el veh\u00edculo y el joven sale ileso.<\/p>\n\n\n\n<p>Trabajo en el lugar personal de la red SEMPRO quienes constataron que el conductor no presentaba heridas de gravedad.<\/p>\n\n\n\n<p>Se hicieron presentes en el lugar familiares del mismo los cuales ayudaron remolcar el autom\u00f3vil. El tr\u00e1nsito estuvo cortado por algunos minutos hasta que el Fiat fue removido de la carpeta asf\u00e1ltica.<\/p>\n","protected":false},"excerpt":{"rendered":"<p>El hecho ocurri\u00f3 en la madrugada del viernes. Un hombre mayor de edad circulaba en su veh\u00edculo y, por razones que se tratan de establecer, termina perdiendo el control y despintando.<\/p>\n","protected":false},"author":4,"featured_media":6913,"comment_status":"closed","ping_status":"closed","sticky":false,"template":"","format":"standard","meta":{"footnotes":""},"categories":[4],"tags":[],"class_list":["post-6912","post","type-post","status-publish","format-standard","has-post-thumbnail","hentry","category-la-provincia"],"_links":{"self":[{"href":"https:\/\/lavozpuntana.com\/index.php?rest_route=\/wp\/v2\/posts\/6912","targetHints":{"allow":["GET"]}}],"collection":[{"href":"https:\/\/lavozpuntana.com\/index.php?rest_route=\/wp\/v2\/posts"}],"about":[{"href":"https:\/\/lavozpuntana.com\/index.php?rest_route=\/wp\/v2\/types\/post"}],"author":[{"embeddable":true,"href":"https:\/\/lavozpuntana.com\/index.php?rest_route=\/wp\/v2\/users\/4"}],"replies":[{"embeddable":true,"href":"https:\/\/lavozpuntana.com\/index.php?rest_route=%2Fwp%2Fv2%2Fcomments&post=6912"}],"version-history":[{"count":1,"href":"https:\/\/lavozpuntana.com\/index.php?rest_route=\/wp\/v2\/posts\/6912\/revisions"}],"predecessor-version":[{"id":6914,"href":"https:\/\/lavozpuntana.com\/index.php?rest_route=\/wp\/v2\/posts\/6912\/revisions\/6914"}],"wp:featuredmedia":[{"embeddable":true,"href":"https:\/\/lavozpuntana.com\/index.php?rest_route=\/wp\/v2\/media\/6913"}],"wp:attachment":[{"href":"https:\/\/lavozpuntana.com\/index.php?rest_route=%2Fwp%2Fv2%2Fmedia&parent=6912"}],"wp:term":[{"taxonomy":"category","embeddable":true,"href":"https:\/\/lavozpuntana.com\/index.php?rest_route=%2Fwp%2Fv2%2Fcategories&post=6912"},{"taxonomy":"post_tag","embeddable":true,"href":"https:\/\/lavozpuntana.com\/index.php?rest_route=%2Fwp%2Fv2%2Ftags&post=6912"}],"curies":[{"name":"wp","href":"https:\/\/api.w.org\/{rel}","templated":true}]}}