{"id":7129,"date":"2022-11-03T15:35:22","date_gmt":"2022-11-03T18:35:22","guid":{"rendered":"https:\/\/lavozpuntana.com\/?p=7129"},"modified":"2022-11-03T15:35:23","modified_gmt":"2022-11-03T18:35:23","slug":"llegan-las-visitas-guiadas-a-la-camara-de-diputados","status":"publish","type":"post","link":"https:\/\/lavozpuntana.com\/?p=7129","title":{"rendered":"LLEGAN LAS VISITAS GUIADAS A LA C\u00c1MARA DE DIPUTADOS"},"content":{"rendered":"\n<p><strong>Alumnos de escuelas e integrantes de instituciones de toda la provincia podr\u00e1n participar de las visitas guiadas gratuitas a la C\u00e1mara de Diputados que organiza la Presidencia y realizadas por personal de Protocolo del \u00f3rgano legislativo.<\/strong><\/p>\n\n\n\n<p>Las visitas consisten en un recorrido por el \u00e1rea de la Legislatura que corresponde a la C\u00e1mara de Diputados. Primero se muestra el hall y luego el pasillo donde est\u00e1n las pinturas con los retratos de los gobernadores de la Provincia. Se brinda un repaso de la historia del parlamento puntano y del actual edificio legislativo. El punto central es la visita al recinto de Diputados donde los visitantes son recibidos por alg\u00fan legislador, quien responder\u00e1 preguntas. Adem\u00e1s, los visitantes se podr\u00e1n sacar fotos dentro del recinto.<\/p>\n\n\n\n<p>Para coordinar una visita guiada hay que comunicarse al 26644457387 interno 306 o escribiendo al correo electr\u00f3nico protohcd@gmail.com<\/p>\n","protected":false},"excerpt":{"rendered":"<p>Alumnos de escuelas e integrantes de instituciones de toda la provincia podr\u00e1n participar de las visitas guiadas gratuitas a la C\u00e1mara de Diputados que organiza la Presidencia y realizadas por personal de Protocolo del \u00f3rgano legislativo.<\/p>\n","protected":false},"author":4,"featured_media":7010,"comment_status":"closed","ping_status":"closed","sticky":false,"template":"","format":"standard","meta":{"footnotes":""},"categories":[4],"tags":[],"class_list":["post-7129","post","type-post","status-publish","format-standard","has-post-thumbnail","hentry","category-la-provincia"],"_links":{"self":[{"href":"https:\/\/lavozpuntana.com\/index.php?rest_route=\/wp\/v2\/posts\/7129","targetHints":{"allow":["GET"]}}],"collection":[{"href":"https:\/\/lavozpuntana.com\/index.php?rest_route=\/wp\/v2\/posts"}],"about":[{"href":"https:\/\/lavozpuntana.com\/index.php?rest_route=\/wp\/v2\/types\/post"}],"author":[{"embeddable":true,"href":"https:\/\/lavozpuntana.com\/index.php?rest_route=\/wp\/v2\/users\/4"}],"replies":[{"embeddable":true,"href":"https:\/\/lavozpuntana.com\/index.php?rest_route=%2Fwp%2Fv2%2Fcomments&post=7129"}],"version-history":[{"count":1,"href":"https:\/\/lavozpuntana.com\/index.php?rest_route=\/wp\/v2\/posts\/7129\/revisions"}],"predecessor-version":[{"id":7130,"href":"https:\/\/lavozpuntana.com\/index.php?rest_route=\/wp\/v2\/posts\/7129\/revisions\/7130"}],"wp:featuredmedia":[{"embeddable":true,"href":"https:\/\/lavozpuntana.com\/index.php?rest_route=\/wp\/v2\/media\/7010"}],"wp:attachment":[{"href":"https:\/\/lavozpuntana.com\/index.php?rest_route=%2Fwp%2Fv2%2Fmedia&parent=7129"}],"wp:term":[{"taxonomy":"category","embeddable":true,"href":"https:\/\/lavozpuntana.com\/index.php?rest_route=%2Fwp%2Fv2%2Fcategories&post=7129"},{"taxonomy":"post_tag","embeddable":true,"href":"https:\/\/lavozpuntana.com\/index.php?rest_route=%2Fwp%2Fv2%2Ftags&post=7129"}],"curies":[{"name":"wp","href":"https:\/\/api.w.org\/{rel}","templated":true}]}}