{"id":7455,"date":"2022-12-11T23:04:18","date_gmt":"2022-12-12T02:04:18","guid":{"rendered":"https:\/\/lavozpuntana.com\/?p=7455"},"modified":"2022-12-11T23:04:20","modified_gmt":"2022-12-12T02:04:20","slug":"un-hombre-fue-asesinado-de-un-disparo-de-arma-de-fuego-en-el-barrio-lucas-rodriguez","status":"publish","type":"post","link":"https:\/\/lavozpuntana.com\/?p=7455","title":{"rendered":"UN HOMBRE FUE ASESINADO DE UN DISPARO DE ARMA DE FUEGO EN EL BARRIO LUCAS RODR\u00cdGUEZ"},"content":{"rendered":"\n<p><strong>Un hombre de 38 a\u00f1os fue asesinado de un disparo de arma de fuego en el barrio Lucas Rodr\u00edguez en la tarde del viernes. Una versi\u00f3n indica que el hombre fue herido en un disturbio y que hubo un tiroteo.<\/strong><\/p>\n\n\n\n<p>En un informe policial se relata que se observ\u00f3 a \u201cuna gran cantidad de personas ocasionando disturbios y queriendo ingresar a un domicilio a la fuerza\u201d de la manzana T del barrio. Una mujer cont\u00f3 a los polic\u00edas que un hombre fue herido con un arma de fuego en el t\u00f3rax y que fue trasladado al Hospital San Luis, dedicado desde que abri\u00f3 el Ram\u00f3n Carrillo, a pacientes pedi\u00e1tricos.<\/p>\n\n\n\n<p>Los uniformados se entrevistaron con una profesional del nosocomio, quien relat\u00f3 que el hombre fue ingresado al hospital sin signos vitales e identificado como Javier P\u00e1ez de 38 a\u00f1os. Se constat\u00f3 que el cuerpo presenta \u201cuna herida de fuego intraclavicular en t\u00f3rax izquierdo, con orificio de entrada\u201d.<\/p>\n\n\n\n<p>Finalmente, los polic\u00edas entrevistaron a familiares de P\u00e1ez, quienes aseguraron que el asesino se retir\u00f3 en moto luego de cometer el crimen y que saben qui\u00e9n cometi\u00f3 el hecho, \u201cpero en el momento no se encuentran en condiciones de hablar\u201d.<\/p>\n\n\n\n<p>Es importante mencionar que el asesinato de P\u00e1ez es el segundo en un par de d\u00edas, ya que el jueves un joven de 25 a\u00f1os muri\u00f3 de un tiro en la cabeza en el barrio Solidaridad.<\/p>\n\n\n\n<p>Fuente: La Gaceta Digital.<\/p>\n","protected":false},"excerpt":{"rendered":"<p>Un hombre de 38 a\u00f1os fue asesinado de un disparo de arma de fuego en el barrio Lucas Rodr\u00edguez en la tarde del viernes. Una versi\u00f3n indica que el hombre fue herido en un disturbio y que hubo un tiroteo.<\/p>\n","protected":false},"author":4,"featured_media":7014,"comment_status":"closed","ping_status":"closed","sticky":false,"template":"","format":"standard","meta":{"footnotes":""},"categories":[4],"tags":[],"class_list":["post-7455","post","type-post","status-publish","format-standard","has-post-thumbnail","hentry","category-la-provincia"],"_links":{"self":[{"href":"https:\/\/lavozpuntana.com\/index.php?rest_route=\/wp\/v2\/posts\/7455","targetHints":{"allow":["GET"]}}],"collection":[{"href":"https:\/\/lavozpuntana.com\/index.php?rest_route=\/wp\/v2\/posts"}],"about":[{"href":"https:\/\/lavozpuntana.com\/index.php?rest_route=\/wp\/v2\/types\/post"}],"author":[{"embeddable":true,"href":"https:\/\/lavozpuntana.com\/index.php?rest_route=\/wp\/v2\/users\/4"}],"replies":[{"embeddable":true,"href":"https:\/\/lavozpuntana.com\/index.php?rest_route=%2Fwp%2Fv2%2Fcomments&post=7455"}],"version-history":[{"count":1,"href":"https:\/\/lavozpuntana.com\/index.php?rest_route=\/wp\/v2\/posts\/7455\/revisions"}],"predecessor-version":[{"id":7456,"href":"https:\/\/lavozpuntana.com\/index.php?rest_route=\/wp\/v2\/posts\/7455\/revisions\/7456"}],"wp:featuredmedia":[{"embeddable":true,"href":"https:\/\/lavozpuntana.com\/index.php?rest_route=\/wp\/v2\/media\/7014"}],"wp:attachment":[{"href":"https:\/\/lavozpuntana.com\/index.php?rest_route=%2Fwp%2Fv2%2Fmedia&parent=7455"}],"wp:term":[{"taxonomy":"category","embeddable":true,"href":"https:\/\/lavozpuntana.com\/index.php?rest_route=%2Fwp%2Fv2%2Fcategories&post=7455"},{"taxonomy":"post_tag","embeddable":true,"href":"https:\/\/lavozpuntana.com\/index.php?rest_route=%2Fwp%2Fv2%2Ftags&post=7455"}],"curies":[{"name":"wp","href":"https:\/\/api.w.org\/{rel}","templated":true}]}}