{"id":7587,"date":"2022-12-27T01:15:47","date_gmt":"2022-12-27T04:15:47","guid":{"rendered":"https:\/\/lavozpuntana.com\/?p=7587"},"modified":"2022-12-27T01:15:49","modified_gmt":"2022-12-27T04:15:49","slug":"sigue-la-crisis-en-el-transporte-interurbano-y-el-servicio-continua-con-problemas","status":"publish","type":"post","link":"https:\/\/lavozpuntana.com\/?p=7587","title":{"rendered":"SIGUE LA CRISIS EN EL TRANSPORTE INTERURBANO Y EL SERVICIO CONTIN\u00daA CON PROBLEMAS"},"content":{"rendered":"\n<p><strong>Solo dos empresas, Juana Koslay y Transporte Barloa, brindan el servicio en la actualidad y con m\u00faltiples reuniones en Relaciones Laborales entre la Secretar\u00eda de Transporte, la UTA y representantes de las distintas empresas.<\/strong><\/p>\n\n\n\n<p>Este lunes por la ma\u00f1ana, Iv\u00e1n Pi\u00f1eyro, secretario general de UTA, remarc\u00f3 que el Gobierno ya pag\u00f3 a las empresas los subsidios correspondientes a este mes. Sin embargo, salvo las dos empresas ya mencionadas, las dem\u00e1s no han abonado el 100% del aguinaldo, como corresponde. \u201cNos llama poderosamente la atenci\u00f3n esta situaci\u00f3n, donde alcanzaba los fondos de provincia para pagarle a los trabajadores\u201d, coment\u00f3 el gremialista.<\/p>\n\n\n\n<p>Pi\u00f1eyro opin\u00f3 adem\u00e1s que este cese de servicios es una medida que las empresas est\u00e1n tomando para presionar al Gobierno, debido a que el 31 de diciembre se vencen los contratos de muchas de ellas. \u201cEso implica la fuente laboral, porque al no tener concesi\u00f3n ninguna empresa, como as\u00ed lo han manifestado algunos empresarios, el peligro est\u00e1 en la fuente laboral de los trabajadores\u201d, concluy\u00f3 Pi\u00f1eyro.<\/p>\n\n\n\n<p>En este contexto, la representante de prensa de las empresas de transporte emiti\u00f3 el siguiente comunicado:<\/p>\n\n\n\n<p>\u201cHoy 26 de diciembre de 2022, para llevar claridad a la poblaci\u00f3n, sobre el actual estado de la crisis del transporte interurbano de San Luis. En primer lugar, recordarles que el viernes 23 en horas de la tarde, tras la reuni\u00f3n del jueves, se envi\u00f3 desde las empresas a la Secretar\u00eda de Transporte una nota que contiene, observaciones y punto a reconsiderar. Hasta el momento solo ha sido llamada a reuni\u00f3n, la empresa Panaholma, los dem\u00e1s no han recibido una respuesta, pero confiamos en que el transcurso de hoy, la convocatoria se har\u00e1 extensiva a todas las empresas.<\/p>\n\n\n\n<p>\u201cEn segunda medida, en lo referente a las empresas que est\u00e1 brindado servicio interurbano, debo decir que ninguna de ellas tuvo la necesidad de cesar sus actividades, ambas tienen un convenio diferente con el Programa de Transporte, y vieron interrumpido su funcionamiento por conflictos de otra \u00edndole. La situaci\u00f3n econ\u00f3mica de las empresas Panaholma, Blanca Paloma, Grupo MR, Marial del Rosario, Panamericana y Polo Sur, que imposibilita la prestaci\u00f3n del servicio sigue siendo la misma que el d\u00eda 16 de diciembre, con el lamentable agravante de no haber podido cubrir el 100% del medio aguinaldo de sus trabajadores.<\/p>\n\n\n\n<p>\u201cSomos conscientes del padecer que significa para los usuarios y la preocupaci\u00f3n para los trabajadores del sector. Nuestro mayor inter\u00e9s intentar arribar a una pronta soluci\u00f3n que garantice las fuentes de trabajo de 240 familias que dependen de estas empresas, entendemos que tambi\u00e9n es la voluntad de las autoridades. La inactividad del transporte no es beneficiosa para nadie\u201d.<\/p>\n\n\n\n<p>Fuente: La Gaceta Digital.<\/p>\n","protected":false},"excerpt":{"rendered":"<p>Solo dos empresas, Juana Koslay y Transporte Barloa, brindan el servicio en la actualidad y con m\u00faltiples reuniones en Relaciones Laborales entre la Secretar\u00eda de Transporte, la UTA y representantes de las distintas empresas.<\/p>\n","protected":false},"author":4,"featured_media":7588,"comment_status":"closed","ping_status":"closed","sticky":false,"template":"","format":"standard","meta":{"footnotes":""},"categories":[4],"tags":[],"class_list":["post-7587","post","type-post","status-publish","format-standard","has-post-thumbnail","hentry","category-la-provincia"],"_links":{"self":[{"href":"https:\/\/lavozpuntana.com\/index.php?rest_route=\/wp\/v2\/posts\/7587","targetHints":{"allow":["GET"]}}],"collection":[{"href":"https:\/\/lavozpuntana.com\/index.php?rest_route=\/wp\/v2\/posts"}],"about":[{"href":"https:\/\/lavozpuntana.com\/index.php?rest_route=\/wp\/v2\/types\/post"}],"author":[{"embeddable":true,"href":"https:\/\/lavozpuntana.com\/index.php?rest_route=\/wp\/v2\/users\/4"}],"replies":[{"embeddable":true,"href":"https:\/\/lavozpuntana.com\/index.php?rest_route=%2Fwp%2Fv2%2Fcomments&post=7587"}],"version-history":[{"count":1,"href":"https:\/\/lavozpuntana.com\/index.php?rest_route=\/wp\/v2\/posts\/7587\/revisions"}],"predecessor-version":[{"id":7589,"href":"https:\/\/lavozpuntana.com\/index.php?rest_route=\/wp\/v2\/posts\/7587\/revisions\/7589"}],"wp:featuredmedia":[{"embeddable":true,"href":"https:\/\/lavozpuntana.com\/index.php?rest_route=\/wp\/v2\/media\/7588"}],"wp:attachment":[{"href":"https:\/\/lavozpuntana.com\/index.php?rest_route=%2Fwp%2Fv2%2Fmedia&parent=7587"}],"wp:term":[{"taxonomy":"category","embeddable":true,"href":"https:\/\/lavozpuntana.com\/index.php?rest_route=%2Fwp%2Fv2%2Fcategories&post=7587"},{"taxonomy":"post_tag","embeddable":true,"href":"https:\/\/lavozpuntana.com\/index.php?rest_route=%2Fwp%2Fv2%2Ftags&post=7587"}],"curies":[{"name":"wp","href":"https:\/\/api.w.org\/{rel}","templated":true}]}}