{"id":7843,"date":"2023-01-22T22:57:02","date_gmt":"2023-01-23T01:57:02","guid":{"rendered":"https:\/\/lavozpuntana.com\/?p=7843"},"modified":"2023-01-22T22:57:04","modified_gmt":"2023-01-23T01:57:04","slug":"comienzo-de-semana-con-temperaturas-superiores-a-los-33-en-la-provincia","status":"publish","type":"post","link":"https:\/\/lavozpuntana.com\/?p=7843","title":{"rendered":"COMIENZO DE SEMANA CON TEMPERATURAS SUPERIORES A LOS 33\u00b0 EN LA PROVINCIA"},"content":{"rendered":"\n<p><strong>Luego de la lluvia de este domingo, se espera para el comienzo de semana jornadas calurosas, seg\u00fan inform\u00f3 la Red de Estaciones Meteorol\u00f3gicas (REM).<\/strong><\/p>\n\n\n\n<p>Para este lunes la m\u00e1xima alcanzar\u00eda los 36\u00b0, mientras que para el martes y mi\u00e9rcoles disminuir\u00eda a 33\u00b0.<\/p>\n\n\n\n<p>Pron\u00f3stico Extendido<\/p>\n\n\n\n<p>Lunes 23 de enero<\/p>\n\n\n\n<p>Cielo parcialmente nublado. Jornada inestable y calurosa. M\u00ednimas de 17\u00b0C y m\u00e1ximas de 36\u00b0C, en promedio. Viento predominante del sector norte con r\u00e1fagas fuertes.<\/p>\n\n\n\n<p>Martes 24 de enero<\/p>\n\n\n\n<p>Cielo entre parcialmente nublado a nublado. Jornada ventosa y algo inestable, se mantienen las temperaturas c\u00e1lidas. M\u00ednimas de 19\u00b0C y m\u00e1ximas de 33\u00b0C, en promedio. Viento predominante del sector norte con r\u00e1fagas fuertes.<\/p>\n\n\n\n<p>Mi\u00e9rcoles 25 de enero<\/p>\n\n\n\n<p>Cielo parcialmente nublado. Jornada ventosa con poco cambio en las temperaturas. M\u00ednimas de 18\u00b0C y m\u00e1ximas de 33\u00b0C, en promedio. Viento predominante del sector noreste con r\u00e1fagas fuertes.<\/p>\n","protected":false},"excerpt":{"rendered":"<p>Luego de la lluvia de este domingo, se espera para el comienzo de semana jornadas calurosas, seg\u00fan inform\u00f3 la Red de Estaciones Meteorol\u00f3gicas (REM).<\/p>\n","protected":false},"author":4,"featured_media":7844,"comment_status":"closed","ping_status":"closed","sticky":false,"template":"","format":"standard","meta":{"footnotes":""},"categories":[4],"tags":[],"class_list":["post-7843","post","type-post","status-publish","format-standard","has-post-thumbnail","hentry","category-la-provincia"],"_links":{"self":[{"href":"https:\/\/lavozpuntana.com\/index.php?rest_route=\/wp\/v2\/posts\/7843","targetHints":{"allow":["GET"]}}],"collection":[{"href":"https:\/\/lavozpuntana.com\/index.php?rest_route=\/wp\/v2\/posts"}],"about":[{"href":"https:\/\/lavozpuntana.com\/index.php?rest_route=\/wp\/v2\/types\/post"}],"author":[{"embeddable":true,"href":"https:\/\/lavozpuntana.com\/index.php?rest_route=\/wp\/v2\/users\/4"}],"replies":[{"embeddable":true,"href":"https:\/\/lavozpuntana.com\/index.php?rest_route=%2Fwp%2Fv2%2Fcomments&post=7843"}],"version-history":[{"count":1,"href":"https:\/\/lavozpuntana.com\/index.php?rest_route=\/wp\/v2\/posts\/7843\/revisions"}],"predecessor-version":[{"id":7845,"href":"https:\/\/lavozpuntana.com\/index.php?rest_route=\/wp\/v2\/posts\/7843\/revisions\/7845"}],"wp:featuredmedia":[{"embeddable":true,"href":"https:\/\/lavozpuntana.com\/index.php?rest_route=\/wp\/v2\/media\/7844"}],"wp:attachment":[{"href":"https:\/\/lavozpuntana.com\/index.php?rest_route=%2Fwp%2Fv2%2Fmedia&parent=7843"}],"wp:term":[{"taxonomy":"category","embeddable":true,"href":"https:\/\/lavozpuntana.com\/index.php?rest_route=%2Fwp%2Fv2%2Fcategories&post=7843"},{"taxonomy":"post_tag","embeddable":true,"href":"https:\/\/lavozpuntana.com\/index.php?rest_route=%2Fwp%2Fv2%2Ftags&post=7843"}],"curies":[{"name":"wp","href":"https:\/\/api.w.org\/{rel}","templated":true}]}}