{"id":7857,"date":"2023-01-23T23:52:09","date_gmt":"2023-01-24T02:52:09","guid":{"rendered":"https:\/\/lavozpuntana.com\/?p=7857"},"modified":"2023-01-23T23:52:11","modified_gmt":"2023-01-24T02:52:11","slug":"otro-jugador-puntana-jugara-en-la-primera-division-del-futbol-argentino","status":"publish","type":"post","link":"https:\/\/lavozpuntana.com\/?p=7857","title":{"rendered":"OTRO JUGADOR PUNTANA JUGAR\u00c1 EN LA PRIMERA DIVISI\u00d3N DEL F\u00daTBOL ARGENTINO"},"content":{"rendered":"\n<p><strong>El jugador nacido en Arizona, Santiago Solari, fue presentado en Defensa y Justicia, luego de tener una gran temporada en Gimnasia de Mendoza el a\u00f1o pasado.<\/strong><\/p>\n\n\n\n<p>El atacante de 25 a\u00f1os acord\u00f3 condiciones y se transform\u00f3 en jugador del \u201cHalc\u00f3n de Varela\u201d para la Liga Profesional (LPF) y la Copa Sudamericana. Firm\u00f3 contrato hasta diciembre de 2025 y ya fue presentado en su nueva instituci\u00f3n.<\/p>\n\n\n\n<p>\u201cMaluma\u201d, tal es su apodo, fue figura en el Lobo mendocino en la pasada temporada en la Primera Nacional. Disput\u00f3 38 partidos y marc\u00f3 8 goles. Antes hab\u00eda vestido las camisetas de Juventud Unida Universitario de San Luis (Torneo Federal A) y Atlanta (Primera Nacional).<\/p>\n","protected":false},"excerpt":{"rendered":"<p>El jugador nacido en Arizona, Santiago Solari, fue presentado en Defensa y Justicia, luego de tener una gran temporada en Gimnasia de Mendoza el a\u00f1o pasado.<\/p>\n","protected":false},"author":4,"featured_media":7858,"comment_status":"closed","ping_status":"closed","sticky":false,"template":"","format":"standard","meta":{"footnotes":""},"categories":[327],"tags":[],"class_list":["post-7857","post","type-post","status-publish","format-standard","has-post-thumbnail","hentry","category-deportes"],"_links":{"self":[{"href":"https:\/\/lavozpuntana.com\/index.php?rest_route=\/wp\/v2\/posts\/7857","targetHints":{"allow":["GET"]}}],"collection":[{"href":"https:\/\/lavozpuntana.com\/index.php?rest_route=\/wp\/v2\/posts"}],"about":[{"href":"https:\/\/lavozpuntana.com\/index.php?rest_route=\/wp\/v2\/types\/post"}],"author":[{"embeddable":true,"href":"https:\/\/lavozpuntana.com\/index.php?rest_route=\/wp\/v2\/users\/4"}],"replies":[{"embeddable":true,"href":"https:\/\/lavozpuntana.com\/index.php?rest_route=%2Fwp%2Fv2%2Fcomments&post=7857"}],"version-history":[{"count":1,"href":"https:\/\/lavozpuntana.com\/index.php?rest_route=\/wp\/v2\/posts\/7857\/revisions"}],"predecessor-version":[{"id":7859,"href":"https:\/\/lavozpuntana.com\/index.php?rest_route=\/wp\/v2\/posts\/7857\/revisions\/7859"}],"wp:featuredmedia":[{"embeddable":true,"href":"https:\/\/lavozpuntana.com\/index.php?rest_route=\/wp\/v2\/media\/7858"}],"wp:attachment":[{"href":"https:\/\/lavozpuntana.com\/index.php?rest_route=%2Fwp%2Fv2%2Fmedia&parent=7857"}],"wp:term":[{"taxonomy":"category","embeddable":true,"href":"https:\/\/lavozpuntana.com\/index.php?rest_route=%2Fwp%2Fv2%2Fcategories&post=7857"},{"taxonomy":"post_tag","embeddable":true,"href":"https:\/\/lavozpuntana.com\/index.php?rest_route=%2Fwp%2Fv2%2Ftags&post=7857"}],"curies":[{"name":"wp","href":"https:\/\/api.w.org\/{rel}","templated":true}]}}