{"id":7888,"date":"2023-01-26T09:38:06","date_gmt":"2023-01-26T12:38:06","guid":{"rendered":"https:\/\/lavozpuntana.com\/?p=7888"},"modified":"2023-01-26T09:38:08","modified_gmt":"2023-01-26T12:38:08","slug":"cuales-son-los-festivales-que-habra-en-la-provincia-este-fin-de-semana","status":"publish","type":"post","link":"https:\/\/lavozpuntana.com\/?p=7888","title":{"rendered":"\u00bfCU\u00c1LES SON LOS FESTIVALES QUE HABR\u00c1 EN LA PROVINCIA ESTE FIN DE SEMANA?"},"content":{"rendered":"\n<p><strong>Con la Fiesta de La Alfalfa en Lafinur, La Fiesta de Las Aguas Claras en Nogol\u00ed, el Festival del Picapedrero en Renca, y el colorido Carnaval de Quines le pondr\u00e1n luz y color a las localidades tur\u00edsticas esta semana fortaleciendo los atractivos de cada lugar.<\/strong><\/p>\n\n\n\n<p>Como cada martes en la Secretar\u00eda de Turismo, intendentes, organizadores y referentes de los eventos que realizan los municipios, presentaron las actividades que se desarrollar\u00e1n esta semana, en noches de magia, luces y tradici\u00f3n. Fiestas y festivales, que cada semana convocan a miles de turistas y residentes puntanos. Eventos masivos que resaltan y ponen en valor la identidad y costumbres de los pueblos de San Luis.<\/p>\n\n\n\n<p>Fiesta Provincial de La Alfalfa<\/p>\n\n\n\n<p>El intendente de Lafinur, Germ\u00e1n Nievas inform\u00f3 acerca de la 23\u00ba edici\u00f3n de esta fiesta. Agradeci\u00f3 al equipo municipal que trabaja y organiza lo que va a ser este evento, \u201cpara poder recibir a toda la gente que nos viene a visitar y a participa de nuestra fiesta\u201d: Nievas destaco el crecimiento del evento que el a\u00f1o pasado reuni\u00f3 a 4.700 personas en el predio, \u201choy bueno la perspectiva es de m\u00e1s gente, la semana pasada se pusieron en venta las anticipadas, ya se han vendido m\u00e1s de 1700 anticipadas, nos llena de alegr\u00eda poder recibir todos los a\u00f1os a nuestros visitantes.<\/p>\n\n\n\n<p>Entre los Artistas, va a estar Tob\u00edas Lucero un nene de 13 a\u00f1os de San Luis Capital, Sim\u00f3n Bequis, Sentimiento Nuevo una banda de La Rioja y al cierre con Magui Olave.<\/p>\n\n\n\n<p>Las anticipadas se pueden adquirir en la Municipalidad de Lafinur, tambi\u00e9n en comercios de la localidad vecina de Los Cajones y en la radio Alegr\u00eda de Villa Dolores. El valor de la anticipada es de $1.000 y en puerta $1.500.<\/p>\n\n\n\n<p>El primer Festival se realiz\u00f3 en 1990 un 28 de Enero, esta 23\u00ba edici\u00f3n se realizar\u00e1 este viernes 27 de Enero a partir de las 21.30 horas.<\/p>\n\n\n\n<p>Fiesta de Las Agua Claras<\/p>\n\n\n\n<p>Tendr\u00e1 lugar el s\u00e1bado 28 de enero, la 20\u00b0 edici\u00f3n, en la Plaza Juan W Gez, a partir de las 20 horas con una previa de Skate a las 18 horas.<\/p>\n\n\n\n<p>Se presentar\u00e1n artistas locales, entre ellos \u201clos tres ballets del pueblo; Aguas Claras, Surtido del Alma y Sierras de Nogol\u00ed. Tambi\u00e9n un payador de 5 a\u00f1os, Gonzalito Rojo, Oriana P\u00e9rez, Los 4 del Suqu\u00eda, Renacer Chamamecero, Superbien, Mansilla, Luis Soloa, Fer y Facu\u201d, explic\u00f3 el intendente de Nogol\u00ed, Ram\u00f3n Funes.<\/p>\n\n\n\n<p>La entrada es un alimento no perecedero. Funes destac\u00f3 que quienes concurran pueden llevar su reposera y su mesita para compartir.<\/p>\n\n\n\n<p>6\u00ba Festival del Picapedrero<\/p>\n\n\n\n<p>La intendente Romina Peralta coment\u00f3 que el festival es en reconocimiento a todos los trabajadores de Renca, \u201cque trabajan en la piedra con sus propias manos, a\u00fan queda gente que hace unos trabajos hermosos, nosotros decimos picapedrero o artistas porque realmente hacen cosas bell\u00edsimas con la piedra\u201d.<\/p>\n\n\n\n<p>El festival tendr\u00e1 lugar en la plaza central de Renca el s\u00e1bado 28 de enero a partir de las 21.30 horas. Se presentar\u00e1n artistas de la zona y provincias vecinas como; Los Leales, Caro Arrieta, Los Hermanos Villega, \u201cemblem\u00e1ticos de la nuestra zona, porque la gente quiere apreciar y bailar chamame\u201d, dijo Peralta agregando que tambi\u00e9n se presentar\u00e1n en el escenario mayor de Renca, Bruno y Yamil, el ballet municipal, el taller de los ni\u00f1os del pueblo y gente mayor, a lo que se sumar\u00e1n puestos gastron\u00f3micos. El ingreso es gratuito, \u201cle pedimos a todos la colaboraci\u00f3n y que puedan consumir ah\u00ed en los puestos que va a haber que son todos vecinos de nuestra localidad, encontrar\u00e1n t\u00edpicas empanadas, locros, choripanes y una gran variedad de platos\u201d.<\/p>\n\n\n\n<p>Finalmente, Romina Peralta enfatiz\u00f3 en que este festival se organiz\u00f3 con mucho amor hacia los picapedreros y a los vecinos de la zona, \u201ctodos los a\u00f1os hacemos un reconocimiento a cada picapedrero de la zona tambi\u00e9n a sus familiares, en el escenario habr\u00e1 morteros realizados por los picapedreros y en los puestos artesanales que nos van a estar acompa\u00f1ando\u201d.<\/p>\n\n\n\n<p>Carnaval en Quines<\/p>\n\n\n\n<p>Juan Pablo Lucero, referente del \u00c1rea de Cultura y Turismo explic\u00f3 que \u201cen Quines los carnavales son algo muy importantes, datan de 1950 son parte de la historia de nuestro pueblo, es la fiesta m\u00e1s convocante del norte, tenemos 4 fechas comenzando el viernes 27 con artistas de nivel nacional nos acompa\u00f1a la T y M, el s\u00e1bado 28 se presentar\u00e1 Sim\u00f3n Aguirre, el 4 de febrero Fede Herrera y para el cierre del Carnaval el 5 de febrero con Los Caligaris\u201d.<\/p>\n\n\n\n<p>El valor de la entrada es, la primera noche $1.000. La segunda $500 y la noche de presentaci\u00f3n de Los Caligaris $1000. Se pueden adquirir en la plaza a partir de las 21 horas.<\/p>\n\n\n\n<p>Finalmente, Lucero invit\u00f3 a la gran fiesta de Quines donde ser\u00e1 el principal protagonista, el colorido, la alegr\u00eda y m\u00fasica, comparsas murgas y disfrazados en las 4 noches de carnaval, un evento del pueblo, de la familia y los turistas que nos visitan\u201d.<\/p>\n\n\n\n<p>Fuente: La Gaceta Digital.<\/p>\n","protected":false},"excerpt":{"rendered":"<p>Con la Fiesta de La Alfalfa en Lafinur, La Fiesta de Las Aguas Claras en Nogol\u00ed, el Festival del Picapedrero en Renca, y el colorido Carnaval de Quines le pondr\u00e1n luz y color a las localidades tur\u00edsticas esta semana fortaleciendo los atractivos de cada lugar.<\/p>\n","protected":false},"author":4,"featured_media":7680,"comment_status":"closed","ping_status":"closed","sticky":false,"template":"","format":"standard","meta":{"footnotes":""},"categories":[4],"tags":[],"class_list":["post-7888","post","type-post","status-publish","format-standard","has-post-thumbnail","hentry","category-la-provincia"],"_links":{"self":[{"href":"https:\/\/lavozpuntana.com\/index.php?rest_route=\/wp\/v2\/posts\/7888","targetHints":{"allow":["GET"]}}],"collection":[{"href":"https:\/\/lavozpuntana.com\/index.php?rest_route=\/wp\/v2\/posts"}],"about":[{"href":"https:\/\/lavozpuntana.com\/index.php?rest_route=\/wp\/v2\/types\/post"}],"author":[{"embeddable":true,"href":"https:\/\/lavozpuntana.com\/index.php?rest_route=\/wp\/v2\/users\/4"}],"replies":[{"embeddable":true,"href":"https:\/\/lavozpuntana.com\/index.php?rest_route=%2Fwp%2Fv2%2Fcomments&post=7888"}],"version-history":[{"count":1,"href":"https:\/\/lavozpuntana.com\/index.php?rest_route=\/wp\/v2\/posts\/7888\/revisions"}],"predecessor-version":[{"id":7889,"href":"https:\/\/lavozpuntana.com\/index.php?rest_route=\/wp\/v2\/posts\/7888\/revisions\/7889"}],"wp:featuredmedia":[{"embeddable":true,"href":"https:\/\/lavozpuntana.com\/index.php?rest_route=\/wp\/v2\/media\/7680"}],"wp:attachment":[{"href":"https:\/\/lavozpuntana.com\/index.php?rest_route=%2Fwp%2Fv2%2Fmedia&parent=7888"}],"wp:term":[{"taxonomy":"category","embeddable":true,"href":"https:\/\/lavozpuntana.com\/index.php?rest_route=%2Fwp%2Fv2%2Fcategories&post=7888"},{"taxonomy":"post_tag","embeddable":true,"href":"https:\/\/lavozpuntana.com\/index.php?rest_route=%2Fwp%2Fv2%2Ftags&post=7888"}],"curies":[{"name":"wp","href":"https:\/\/api.w.org\/{rel}","templated":true}]}}