{"id":7982,"date":"2023-02-02T09:30:49","date_gmt":"2023-02-02T12:30:49","guid":{"rendered":"https:\/\/lavozpuntana.com\/?p=7982"},"modified":"2023-02-02T13:04:33","modified_gmt":"2023-02-02T16:04:33","slug":"jorge-livingston-asumio-como-nuevo-presidente-del-superior-tribunal-de-justicia","status":"publish","type":"post","link":"https:\/\/lavozpuntana.com\/?p=7982","title":{"rendered":"Jorge Livingston asumi\u00f3 como nuevo presidente del Superior Tribunal de Justicia"},"content":{"rendered":"\n<p><strong>El nuevo sucesor tom\u00f3 juramento este mi\u00e9rcoles en el Salon Blanco del Palacio de Justicia.<\/strong><\/p>\n\n\n\n<figure class=\"wp-block-image size-large\"><img loading=\"lazy\" decoding=\"async\" width=\"770\" height=\"440\" src=\"https:\/\/lavozpuntana.com\/wp-content\/uploads\/2023\/02\/1675269551709.jpg\" alt=\"\" class=\"wp-image-7983\" srcset=\"https:\/\/lavozpuntana.com\/wp-content\/uploads\/2023\/02\/1675269551709.jpg 770w, https:\/\/lavozpuntana.com\/wp-content\/uploads\/2023\/02\/1675269551709-300x171.jpg 300w, https:\/\/lavozpuntana.com\/wp-content\/uploads\/2023\/02\/1675269551709-768x439.jpg 768w\" sizes=\"auto, (max-width: 770px) 100vw, 770px\" \/><\/figure>\n\n\n\n<p>Este mi\u00e9rcoles, en el Sal\u00f3n Blanco del Palacio de Justicia, se realiz\u00f3 el traspaso de la&nbsp; presidencia del Superior Tribunal de Justicia (STJ). Carolina Monte Riso le tom\u00f3 juramento a Jorge Alberto Levingston, quien asumi\u00f3 como presidente por el per\u00edodo comprendido entre el 1\u00b0 de febrero de este a\u00f1o hasta el 31 de enero de 2024.<\/p>\n\n\n\n<p>Participaron de la ceremonia la ministra del Alto Cuerpo Judicial, Cecilia Chada; el procurador general de la provincia; Luis Mart\u00ednez; la defensora general, Marcela Torres Cappiello y la secretar\u00eda administrativa del STJ, Ivanna Vanessa Albarado Magallanes.<\/p>\n\n\n\n<p>Adem\u00e1s asistieron la presidente provisional del senado provincial, Mar\u00eda Ang\u00e9lica Torrontegui; la presidente de la C\u00e1mara de Diputados provincial, Silvia Sosa Araujo; el fiscal de Estado, Eduardo Allende; el rector de la Universidad Nacional de San Luis, V\u00edctor Mori\u00f1igo; la vicerrectora de la Universidad Cat\u00f3lica de Cuyo, Melina Maluf Mart\u00ednez y el secretario general del Sindicato Judiciales Puntanos, Luciano Cardarelli.<\/p>\n","protected":false},"excerpt":{"rendered":"<p>El nuevo sucesor tom\u00f3 juramento este mi\u00e9rcoles en el Salon Blanco del Palacio de Justicia.<\/p>\n","protected":false},"author":4,"featured_media":7983,"comment_status":"closed","ping_status":"closed","sticky":false,"template":"","format":"standard","meta":{"footnotes":""},"categories":[4],"tags":[],"class_list":["post-7982","post","type-post","status-publish","format-standard","has-post-thumbnail","hentry","category-la-provincia"],"_links":{"self":[{"href":"https:\/\/lavozpuntana.com\/index.php?rest_route=\/wp\/v2\/posts\/7982","targetHints":{"allow":["GET"]}}],"collection":[{"href":"https:\/\/lavozpuntana.com\/index.php?rest_route=\/wp\/v2\/posts"}],"about":[{"href":"https:\/\/lavozpuntana.com\/index.php?rest_route=\/wp\/v2\/types\/post"}],"author":[{"embeddable":true,"href":"https:\/\/lavozpuntana.com\/index.php?rest_route=\/wp\/v2\/users\/4"}],"replies":[{"embeddable":true,"href":"https:\/\/lavozpuntana.com\/index.php?rest_route=%2Fwp%2Fv2%2Fcomments&post=7982"}],"version-history":[{"count":2,"href":"https:\/\/lavozpuntana.com\/index.php?rest_route=\/wp\/v2\/posts\/7982\/revisions"}],"predecessor-version":[{"id":7999,"href":"https:\/\/lavozpuntana.com\/index.php?rest_route=\/wp\/v2\/posts\/7982\/revisions\/7999"}],"wp:featuredmedia":[{"embeddable":true,"href":"https:\/\/lavozpuntana.com\/index.php?rest_route=\/wp\/v2\/media\/7983"}],"wp:attachment":[{"href":"https:\/\/lavozpuntana.com\/index.php?rest_route=%2Fwp%2Fv2%2Fmedia&parent=7982"}],"wp:term":[{"taxonomy":"category","embeddable":true,"href":"https:\/\/lavozpuntana.com\/index.php?rest_route=%2Fwp%2Fv2%2Fcategories&post=7982"},{"taxonomy":"post_tag","embeddable":true,"href":"https:\/\/lavozpuntana.com\/index.php?rest_route=%2Fwp%2Fv2%2Ftags&post=7982"}],"curies":[{"name":"wp","href":"https:\/\/api.w.org\/{rel}","templated":true}]}}