{"id":8007,"date":"2023-02-03T11:38:54","date_gmt":"2023-02-03T14:38:54","guid":{"rendered":"https:\/\/lavozpuntana.com\/?p=8007"},"modified":"2023-02-03T14:39:15","modified_gmt":"2023-02-03T17:39:15","slug":"el-ciclista-del-ktm-sergio-fredes-se-quedo-con-la-segunda-etapa-de-la-vuelta-del-porvenir","status":"publish","type":"post","link":"https:\/\/lavozpuntana.com\/?p=8007","title":{"rendered":"Sergio Fredes el ciclista del KTM se qued\u00f3 con la segunda etapa de la Vuelta del Porvenir"},"content":{"rendered":"\n<p><strong>El ganador de la primera edici\u00f3n de la Vuelta, se alz\u00f3 con la victoria de la segunda etapa tras recorrer 185,6 kil\u00f3metros .\u00a0<\/strong><\/p>\n\n\n\n<p>La tercera edici\u00f3n de la Vuelta del Porvenir sigue emocionando. La segunda etapa de la prueba ciclista de este jueves fue liderada por Sergio Fredes, del equipo KTM. Lo siguieron Lucas Gaday, del Rower Continental San Luis, y Franklin Archibold, de Panam\u00e1 es Cultura y Valores.<\/p>\n\n\n\n<p>El vencedor de la fecha lleg\u00f3 a la meta con un tiempo de 4 horas 7 minutos y 50 segundos, junto a otros 14 participantes.<\/p>\n\n\n\n<p>Fredes tambi\u00e9n se impuso en la general individual, seguido por el ciclista chileno H\u00e9ctor Quintana, l\u00edder en la primera etapa de la competencia, y Mauro Richeze, de Chimbas Te Quiero.<\/p>\n\n\n\n<p>La general monta\u00f1a la lideraron Mart\u00edn Vidaurre, del seleccionado chileno; Marcos Mendez, del equipo nacional, y Laureano Rosas, de Gremios por el Deporte Cutral-Co.<\/p>\n\n\n\n<p>Quintana obtuvo el primer lugar en la General Sub 23, seguido por los argentinos Lukas Dundic y Rodrigo D\u00edaz.<\/p>\n\n\n\n<p>La meta sprint fue liderada por Jos\u00e9 Rodr\u00edguez, de la Selecci\u00f3n de Chile; el argentino Juan Pablo Dotti, del SEP San Juan, y Lucas Gaday, del Rower San Luis.<\/p>\n\n\n\n<p>Los argentinos que lideraron la general fueron Fredes, Richeze, Dotti, Rosas y Buchanan.<\/p>\n\n\n\n<p>El trayecto de 185,6 kil\u00f3metros parti\u00f3 desde La Toma, incluy\u00f3 localidades como Juan Llerena, El Morro, Naschel y Paso Grande, para arribar alrededor de las&nbsp; a la Municipalidad de La Toma y coronar la segunda jornada.<\/p>\n\n\n\n<p>El recorrido cont\u00f3 con una meta de monta\u00f1a de tercera categor\u00eda en la autopista 55, a los 24 kil\u00f3metros, luego una de segunda categor\u00eda a la altura del r\u00edo Quinto, a los 89 kil\u00f3metros.<\/p>\n\n\n\n<p>En tanto, las dos metas sprint fueron a los 39 kil\u00f3metros, en la entrada a Juan Llerena, y en los 87,9 kil\u00f3metros, en el ingreso a Saladillo.<\/p>\n\n\n\n<p>Este viernes ser\u00e1 la tercera etapa de la competencia en El Durazno, en la que ser\u00e1 el turno para la crono. Pedaleando por la ruta 9, el recorrido tendr\u00e1 12,7 kil\u00f3metros con retome en la rotonda Las Barranquitas, en una jornada donde se puede continuar marcando una tendencia.<\/p>\n","protected":false},"excerpt":{"rendered":"<p>El ganador de la primera edici\u00f3n de la Vuelta, se alz\u00f3 con la victoria de<\/p>\n","protected":false},"author":4,"featured_media":8008,"comment_status":"closed","ping_status":"closed","sticky":false,"template":"","format":"standard","meta":{"footnotes":""},"categories":[327],"tags":[],"class_list":["post-8007","post","type-post","status-publish","format-standard","has-post-thumbnail","hentry","category-deportes"],"_links":{"self":[{"href":"https:\/\/lavozpuntana.com\/index.php?rest_route=\/wp\/v2\/posts\/8007","targetHints":{"allow":["GET"]}}],"collection":[{"href":"https:\/\/lavozpuntana.com\/index.php?rest_route=\/wp\/v2\/posts"}],"about":[{"href":"https:\/\/lavozpuntana.com\/index.php?rest_route=\/wp\/v2\/types\/post"}],"author":[{"embeddable":true,"href":"https:\/\/lavozpuntana.com\/index.php?rest_route=\/wp\/v2\/users\/4"}],"replies":[{"embeddable":true,"href":"https:\/\/lavozpuntana.com\/index.php?rest_route=%2Fwp%2Fv2%2Fcomments&post=8007"}],"version-history":[{"count":3,"href":"https:\/\/lavozpuntana.com\/index.php?rest_route=\/wp\/v2\/posts\/8007\/revisions"}],"predecessor-version":[{"id":8026,"href":"https:\/\/lavozpuntana.com\/index.php?rest_route=\/wp\/v2\/posts\/8007\/revisions\/8026"}],"wp:featuredmedia":[{"embeddable":true,"href":"https:\/\/lavozpuntana.com\/index.php?rest_route=\/wp\/v2\/media\/8008"}],"wp:attachment":[{"href":"https:\/\/lavozpuntana.com\/index.php?rest_route=%2Fwp%2Fv2%2Fmedia&parent=8007"}],"wp:term":[{"taxonomy":"category","embeddable":true,"href":"https:\/\/lavozpuntana.com\/index.php?rest_route=%2Fwp%2Fv2%2Fcategories&post=8007"},{"taxonomy":"post_tag","embeddable":true,"href":"https:\/\/lavozpuntana.com\/index.php?rest_route=%2Fwp%2Fv2%2Ftags&post=8007"}],"curies":[{"name":"wp","href":"https:\/\/api.w.org\/{rel}","templated":true}]}}