{"id":8055,"date":"2023-02-07T12:55:54","date_gmt":"2023-02-07T15:55:54","guid":{"rendered":"https:\/\/lavozpuntana.com\/?p=8055"},"modified":"2023-02-07T13:01:26","modified_gmt":"2023-02-07T16:01:26","slug":"argentina-paraguay-uruguay-y-chile-lanzaron-su-candidatura-como-sede-para-el-mundial-2030","status":"publish","type":"post","link":"https:\/\/lavozpuntana.com\/?p=8055","title":{"rendered":"Argentina, Uruguay, Paraguay y Chile lanzaron su candidatura como sede para el mundial 2030"},"content":{"rendered":"\n<p><strong>El acto oficial se realiz\u00f3 en el predio de AFA con la presencia de dirigentes de los pa\u00edses que se postulan para albergar la Copa del Mundo.<\/strong><\/p>\n\n\n\n<p>Con el objetivo de albergar la Copa del Mundo del 2030, a 100 a\u00f1os de la primera edici\u00f3n del Mundial en Uruguay 1930, Argentina oficializ\u00f3 este martes su candidatura en conjunto con Uruguay, Paraguay, Chile.<\/p>\n\n\n\n<p>Del acontecimiento que se realiz\u00f3 en el predio de la Asociaci\u00f3n del F\u00fatbol Argentino (AFA), en Ezeiza, participaron Claudio \u00abChiqui\u00bb Tapia, presidente de la AFA, y Mat\u00edas Lammens, ministro de Turismo y Deportes.<\/p>\n\n\n\n<p>Tambi\u00e9n, cont\u00f3 con la presencia de Alejandro Dom\u00ednguez, m\u00e1ximo dirigente de la Conmebol, quien fue una de las voces para lograr la candidatura sudamericana. Adem\u00e1s&nbsp; cont\u00f3 con la presencia de varios de los campeones del mundo con la Selecci\u00f3n argentina en 1978 y 1986.<\/p>\n\n\n\n<p>La candidatura ya es oficial, aunque para conocerse qu\u00e9 sede ser\u00e1 la elegida deber\u00e1 aguardarse hasta el 74\u00b0 Congreso de la FIFA a celebrarse en 2024, dos a\u00f1os antes de la edici\u00f3n 2026 de la competencia en Estados Unidos, M\u00e9xico y Canad\u00e1.<\/p>\n\n\n\n<p>El presidente, Alberto Fern\u00e1ndez, mostr\u00f3 su benepl\u00e1cito de sumar a Bolivia entre los organizadores.<\/p>\n\n\n\n<p>En la puja por la organizaci\u00f3n del Mundial 2030, los pa\u00edses sudamericanos deber\u00e1n competir con Espa\u00f1a y Portugal, que recientemente tambi\u00e9n manifestaron la intenci\u00f3n de sumar a Ucrania a su candidatura.<\/p>\n\n\n\n<p>Una tercera alternativa, todav\u00eda sin confirmaci\u00f3n oficial, podr\u00eda configurarse entre Grecia, Egipto y Arabia Saudita.<\/p>\n","protected":false},"excerpt":{"rendered":"<p>El acto oficial se realiz\u00f3 en el predio de AFA con la presencia de dirigentes<\/p>\n","protected":false},"author":4,"featured_media":8056,"comment_status":"closed","ping_status":"closed","sticky":false,"template":"","format":"standard","meta":{"footnotes":""},"categories":[5],"tags":[],"class_list":["post-8055","post","type-post","status-publish","format-standard","has-post-thumbnail","hentry","category-el-pais"],"_links":{"self":[{"href":"https:\/\/lavozpuntana.com\/index.php?rest_route=\/wp\/v2\/posts\/8055","targetHints":{"allow":["GET"]}}],"collection":[{"href":"https:\/\/lavozpuntana.com\/index.php?rest_route=\/wp\/v2\/posts"}],"about":[{"href":"https:\/\/lavozpuntana.com\/index.php?rest_route=\/wp\/v2\/types\/post"}],"author":[{"embeddable":true,"href":"https:\/\/lavozpuntana.com\/index.php?rest_route=\/wp\/v2\/users\/4"}],"replies":[{"embeddable":true,"href":"https:\/\/lavozpuntana.com\/index.php?rest_route=%2Fwp%2Fv2%2Fcomments&post=8055"}],"version-history":[{"count":3,"href":"https:\/\/lavozpuntana.com\/index.php?rest_route=\/wp\/v2\/posts\/8055\/revisions"}],"predecessor-version":[{"id":8059,"href":"https:\/\/lavozpuntana.com\/index.php?rest_route=\/wp\/v2\/posts\/8055\/revisions\/8059"}],"wp:featuredmedia":[{"embeddable":true,"href":"https:\/\/lavozpuntana.com\/index.php?rest_route=\/wp\/v2\/media\/8056"}],"wp:attachment":[{"href":"https:\/\/lavozpuntana.com\/index.php?rest_route=%2Fwp%2Fv2%2Fmedia&parent=8055"}],"wp:term":[{"taxonomy":"category","embeddable":true,"href":"https:\/\/lavozpuntana.com\/index.php?rest_route=%2Fwp%2Fv2%2Fcategories&post=8055"},{"taxonomy":"post_tag","embeddable":true,"href":"https:\/\/lavozpuntana.com\/index.php?rest_route=%2Fwp%2Fv2%2Ftags&post=8055"}],"curies":[{"name":"wp","href":"https:\/\/api.w.org\/{rel}","templated":true}]}}