{"id":8197,"date":"2023-02-17T12:37:02","date_gmt":"2023-02-17T15:37:02","guid":{"rendered":"https:\/\/lavozpuntana.com\/?p=8197"},"modified":"2023-02-17T12:37:03","modified_gmt":"2023-02-17T15:37:03","slug":"anunciaron-paro-de-bancos-para-el-jueves-23-de-febrero","status":"publish","type":"post","link":"https:\/\/lavozpuntana.com\/?p=8197","title":{"rendered":"ANUNCIARON PARO DE BANCOS PARA EL JUEVES 23 DE FEBRERO"},"content":{"rendered":"\n<p><strong>La Asociaci\u00f3n Bancaria liderada por Sergio Palazzo dispuso un paro nacional de 24hs para el jueves 23 de febrero en el marco de un conflicto salarial que sostiene con los empresarios del sector. La medida de fuerza se defini\u00f3 este mediod\u00eda en la sede del Ministerio de Trabajo de Callao al 100.<\/strong><\/p>\n\n\n\n<p>Sin acuerdo, el secretario nacional de la Asociaci\u00f3n Bancaria anunci\u00f3 el cese de actividades en todo el pa\u00eds.<\/p>\n\n\n\n<p>\u201cNo hemos alcanzado un acuerdo. En nuestra actividad tiene un impacto muy fuerte el impuesto a las ganancias\u201d, asegur\u00f3 Palazzo en conferencia de prensa. La paritaria debi\u00f3 haber sido firmada en enero, porque venci\u00f3 en el mes de diciembre: \u201cLlevamos dos meses de retraso y no tenemos ni aumento ni compensaci\u00f3n. Por eso anunciamos que decidimos tomar una medida de fuerza para el jueves 23 de febrero. Lo anunciamos con tiempo para que la ANSES tome las medidas necesarias para el pago de jubilados\u201d.<\/p>\n\n\n\n<p>Adem\u00e1s de la atenci\u00f3n al p\u00fablico, tambi\u00e9n perjudicar\u00e1 el cobro de planes sociales, jubilaciones y pensiones. Por ejemplo, las jubilaciones y pensiones que superen un haber m\u00ednimo cobrar\u00e1n entre el 22 y el 28 de febrero de acuerdo al DNI.<\/p>\n\n\n\n<p>Tambi\u00e9n, se ver\u00e1n perjudicados aquellos que cobren Asignaci\u00f3n Universal por Hijo (AUH) para el caso de los DNI terminados en 8 (22 de febrero) y DNI terminados en 9 (23 de febrero).<\/p>\n\n\n\n<p>Los que cobren Asignaci\u00f3n por Embarazo (AUE) se ver\u00e1n afectados en el cobro cuyo DNI finalicen en 7 (23 de febrero), 8 (24 de febrero) y 9 (27 de febrero).<\/p>\n\n\n\n<p>Por \u00faltimo, aquellos que cobren por desempleo a cobrar entre el 23 y el 1 de marzo tambi\u00e9n podr\u00edan verse afectados.<\/p>\n\n\n\n<figure class=\"wp-block-image size-large\"><img loading=\"lazy\" decoding=\"async\" width=\"730\" height=\"905\" src=\"https:\/\/lavozpuntana.com\/wp-content\/uploads\/2023\/02\/paro.jpg\" alt=\"\" class=\"wp-image-8199\" srcset=\"https:\/\/lavozpuntana.com\/wp-content\/uploads\/2023\/02\/paro.jpg 730w, https:\/\/lavozpuntana.com\/wp-content\/uploads\/2023\/02\/paro-242x300.jpg 242w\" sizes=\"auto, (max-width: 730px) 100vw, 730px\" \/><\/figure>\n\n\n\n<p>Fuente: \u00c1mbito<\/p>\n","protected":false},"excerpt":{"rendered":"<p>La Asociaci\u00f3n Bancaria liderada por Sergio Palazzo dispuso un paro nacional de 24hs para el jueves 23 de febrero en el marco de un conflicto salarial que sostiene con los empresarios del sector. La medida de fuerza se defini\u00f3 este mediod\u00eda en la sede del Ministerio de Trabajo de Callao al 100.<\/p>\n","protected":false},"author":4,"featured_media":8198,"comment_status":"closed","ping_status":"closed","sticky":false,"template":"","format":"standard","meta":{"footnotes":""},"categories":[5],"tags":[],"class_list":["post-8197","post","type-post","status-publish","format-standard","has-post-thumbnail","hentry","category-el-pais"],"_links":{"self":[{"href":"https:\/\/lavozpuntana.com\/index.php?rest_route=\/wp\/v2\/posts\/8197","targetHints":{"allow":["GET"]}}],"collection":[{"href":"https:\/\/lavozpuntana.com\/index.php?rest_route=\/wp\/v2\/posts"}],"about":[{"href":"https:\/\/lavozpuntana.com\/index.php?rest_route=\/wp\/v2\/types\/post"}],"author":[{"embeddable":true,"href":"https:\/\/lavozpuntana.com\/index.php?rest_route=\/wp\/v2\/users\/4"}],"replies":[{"embeddable":true,"href":"https:\/\/lavozpuntana.com\/index.php?rest_route=%2Fwp%2Fv2%2Fcomments&post=8197"}],"version-history":[{"count":1,"href":"https:\/\/lavozpuntana.com\/index.php?rest_route=\/wp\/v2\/posts\/8197\/revisions"}],"predecessor-version":[{"id":8200,"href":"https:\/\/lavozpuntana.com\/index.php?rest_route=\/wp\/v2\/posts\/8197\/revisions\/8200"}],"wp:featuredmedia":[{"embeddable":true,"href":"https:\/\/lavozpuntana.com\/index.php?rest_route=\/wp\/v2\/media\/8198"}],"wp:attachment":[{"href":"https:\/\/lavozpuntana.com\/index.php?rest_route=%2Fwp%2Fv2%2Fmedia&parent=8197"}],"wp:term":[{"taxonomy":"category","embeddable":true,"href":"https:\/\/lavozpuntana.com\/index.php?rest_route=%2Fwp%2Fv2%2Fcategories&post=8197"},{"taxonomy":"post_tag","embeddable":true,"href":"https:\/\/lavozpuntana.com\/index.php?rest_route=%2Fwp%2Fv2%2Ftags&post=8197"}],"curies":[{"name":"wp","href":"https:\/\/api.w.org\/{rel}","templated":true}]}}