{"id":8207,"date":"2023-02-20T11:59:21","date_gmt":"2023-02-20T14:59:21","guid":{"rendered":"https:\/\/lavozpuntana.com\/?p=8207"},"modified":"2023-02-20T11:59:23","modified_gmt":"2023-02-20T14:59:23","slug":"el-sereno-detenido-por-matar-a-un-ladron-tambien-fue-imputado-de-abuso-sexual","status":"publish","type":"post","link":"https:\/\/lavozpuntana.com\/?p=8207","title":{"rendered":"EL SERENO DETENIDO POR MATAR A UN LADR\u00d3N TAMBI\u00c9N FUE IMPUTADO DE ABUSO SEXUAL"},"content":{"rendered":"\n<p><strong>Este s\u00e1bado, el Juzgado de Garant\u00edas N\u00b0 3, a cargo de Marcos Flores Leyes, llev\u00f3 adelante audiencias de formulaci\u00f3n de cargos en cuatro hechos, solicitadas por la fiscal de Instrucci\u00f3n N\u00b0 4, Mar\u00eda del Valle Dur\u00e1n, con la asistencia de la fiscal Adjunta, Claudia Heit.<\/strong><\/p>\n\n\n\n<p>El primer caso fue por el homicidio de un delincuente que ingres\u00f3 a la escuela Apadis, donde el acusado es el sereno de la instituci\u00f3n, Claudio Tapia Miranda. \u201cLa Fiscal\u00eda imput\u00f3 a Tapia Miranda por el delito \u201cHomicidio Simple\u201d por el hecho ocurrido en la Escuela Especial N\u00b0 9 APADIS de la ciudad de San Luis el pasado jueves, 16 de febrero, en horas de la noche, cuando Cristian Garrido D\u00edaz ingres\u00f3 con intenciones de robo al establecimiento y fue atacado por Tapia, caus\u00e1ndole posteriormente la muerte\u201d, informaron desde el Poder Judicial.<\/p>\n\n\n\n<p>La fiscal Dur\u00e1n solicit\u00f3 120 d\u00edas de prisi\u00f3n preventiva y la defensa, ejercida por la defensora oficial Nadia Ag\u00fandez, pidi\u00f3 la pr\u00f3rroga de la causa por ocho d\u00edas, medida que fue concedida por el Juez interviniente.<\/p>\n\n\n\n<p>Por otra parte, la fiscal imput\u00f3 a Tapia Miranda tambi\u00e9n por el delito de \u201cabuso sexual simple agravado por la convivencia y el v\u00ednculo\u201d, por el cual hab\u00eda un pedido de captura. En relaci\u00f3n a esta causa, Dur\u00e1nn requiri\u00f3 una medida de restricci\u00f3n de acercamiento a la denunciante (su ex pareja) y a la v\u00edctima (hija). A su turno, la defensora Ag\u00fandez solicit\u00f3 pr\u00f3rroga de ocho d\u00edas, la que fue concedida por Flores Leyes.<\/p>\n\n\n\n<p>La segunda causa es por una tentativa de homicidio en el barrio Telepostal. En este hecho ocurrido en la madrugada del viernes, 17 de febrero, cuando un joven de 18 a\u00f1os apu\u00f1al\u00f3 con un cuchillo a su padre, en el barrio Telepostal, sito en la ciudad de San Luis, ocasion\u00e1ndole heridas de gravedad a la v\u00edctima en el sector del est\u00f3mago, colon, intestino y baso. La Fiscal imput\u00f3 al agresor por el delito de \u201ctentativa de homicidio calificado por el v\u00ednculo\u201d, y solicit\u00f3 120 d\u00edas de prisi\u00f3n preventiva. En tanto que, la Defensa, Nadia Agundez, pidi\u00f3 pr\u00f3rroga de ocho d\u00edas, medida que fue concedida por el juez.<\/p>\n\n\n\n<p>Por \u00faltimo, se trat\u00f3 una causa de robo con armas. Aqu\u00ed, la fiscal interviniente imput\u00f3 al \u00fanico detenido por \u201crobo calificado por arma agravado por ser arma de fuego\u201d efectuado en una poller\u00eda de la ciudad de San Luis, con el uso de armas, solicitando 120 d\u00edas de prisi\u00f3n efectiva, la que fue otorgada por el magistrado interviniente. El imputado fue trasladado al Servicio Penitenciario Provincial.<\/p>\n\n\n\n<p>Fuente: La Gaceta Digital.<\/p>\n","protected":false},"excerpt":{"rendered":"<p>Este s\u00e1bado, el Juzgado de Garant\u00edas N\u00b0 3, a cargo de Marcos Flores Leyes, llev\u00f3 adelante audiencias de formulaci\u00f3n de cargos en cuatro hechos, solicitadas por la fiscal de Instrucci\u00f3n N\u00b0 4, Mar\u00eda del Valle Dur\u00e1n, con la asistencia de la fiscal Adjunta, Claudia Heit.<\/p>\n","protected":false},"author":4,"featured_media":8208,"comment_status":"closed","ping_status":"closed","sticky":false,"template":"","format":"standard","meta":{"footnotes":""},"categories":[4],"tags":[],"class_list":["post-8207","post","type-post","status-publish","format-standard","has-post-thumbnail","hentry","category-la-provincia"],"_links":{"self":[{"href":"https:\/\/lavozpuntana.com\/index.php?rest_route=\/wp\/v2\/posts\/8207","targetHints":{"allow":["GET"]}}],"collection":[{"href":"https:\/\/lavozpuntana.com\/index.php?rest_route=\/wp\/v2\/posts"}],"about":[{"href":"https:\/\/lavozpuntana.com\/index.php?rest_route=\/wp\/v2\/types\/post"}],"author":[{"embeddable":true,"href":"https:\/\/lavozpuntana.com\/index.php?rest_route=\/wp\/v2\/users\/4"}],"replies":[{"embeddable":true,"href":"https:\/\/lavozpuntana.com\/index.php?rest_route=%2Fwp%2Fv2%2Fcomments&post=8207"}],"version-history":[{"count":1,"href":"https:\/\/lavozpuntana.com\/index.php?rest_route=\/wp\/v2\/posts\/8207\/revisions"}],"predecessor-version":[{"id":8209,"href":"https:\/\/lavozpuntana.com\/index.php?rest_route=\/wp\/v2\/posts\/8207\/revisions\/8209"}],"wp:featuredmedia":[{"embeddable":true,"href":"https:\/\/lavozpuntana.com\/index.php?rest_route=\/wp\/v2\/media\/8208"}],"wp:attachment":[{"href":"https:\/\/lavozpuntana.com\/index.php?rest_route=%2Fwp%2Fv2%2Fmedia&parent=8207"}],"wp:term":[{"taxonomy":"category","embeddable":true,"href":"https:\/\/lavozpuntana.com\/index.php?rest_route=%2Fwp%2Fv2%2Fcategories&post=8207"},{"taxonomy":"post_tag","embeddable":true,"href":"https:\/\/lavozpuntana.com\/index.php?rest_route=%2Fwp%2Fv2%2Ftags&post=8207"}],"curies":[{"name":"wp","href":"https:\/\/api.w.org\/{rel}","templated":true}]}}