{"id":8230,"date":"2023-02-22T10:59:59","date_gmt":"2023-02-22T13:59:59","guid":{"rendered":"https:\/\/lavozpuntana.com\/?p=8230"},"modified":"2023-02-22T11:00:00","modified_gmt":"2023-02-22T14:00:00","slug":"coronavirus-se-registro-un-solo-caso-positivo-y-no-hubo-muertes-en-la-ultima-semana-en-la-provincia","status":"publish","type":"post","link":"https:\/\/lavozpuntana.com\/?p=8230","title":{"rendered":"CORONAVIRUS: SE REGISTR\u00d3 UN SOLO CASO POSITIVO Y NO HUBO MUERTES EN LA \u00daLTIMA SEMANA EN LA PROVINCIA"},"content":{"rendered":"\n<p><strong>El Ministerio de Salud de la provincia difundi\u00f3 este martes el reporte semanal de coronavirus, y seg\u00fan indic\u00f3 se registr\u00f3 un solo caso positivo en 92 muestras analizadas y no hubo fallecidos por Covid-19.<\/strong><\/p>\n\n\n\n<p>El \u00faltimo pico de contagios en 2023 fue en el per\u00edodo del 1 al 7 de enero donde Salud indic\u00f3 que hubo 670 enfermos por coronavirus.<\/p>\n\n\n\n<p>Hasta el momento la provincia registra un total de 155.528 casos desde el inicio de la pandemia en 2020.<\/p>\n\n\n\n<p>Se han dado de alta 153.873 personas por la enfermedad y el n\u00famero de v\u00edctimas fatales por el virus asciende a 1.653.<\/p>\n\n\n\n<p>Con respecto a la vacunaci\u00f3n, hasta el 19 de febrero se aplicaron 1.450.401 dosis, el 91,68% de la poblaci\u00f3n est\u00e1 vacunada con la primera dosis, 88,51% con el esquema primario, el 64,72% tiene el primer refuerzo y el 26,2%, el segundo.<\/p>\n\n\n\n<p>Fuente: San Luis 24.<\/p>\n","protected":false},"excerpt":{"rendered":"<p>El Ministerio de Salud de la provincia difundi\u00f3 este martes el reporte semanal de coronavirus, y seg\u00fan indic\u00f3 se registr\u00f3 un solo caso positivo en 92 muestras analizadas y no hubo fallecidos por Covid-19.<\/p>\n","protected":false},"author":4,"featured_media":7947,"comment_status":"closed","ping_status":"closed","sticky":false,"template":"","format":"standard","meta":{"footnotes":""},"categories":[4],"tags":[],"class_list":["post-8230","post","type-post","status-publish","format-standard","has-post-thumbnail","hentry","category-la-provincia"],"_links":{"self":[{"href":"https:\/\/lavozpuntana.com\/index.php?rest_route=\/wp\/v2\/posts\/8230","targetHints":{"allow":["GET"]}}],"collection":[{"href":"https:\/\/lavozpuntana.com\/index.php?rest_route=\/wp\/v2\/posts"}],"about":[{"href":"https:\/\/lavozpuntana.com\/index.php?rest_route=\/wp\/v2\/types\/post"}],"author":[{"embeddable":true,"href":"https:\/\/lavozpuntana.com\/index.php?rest_route=\/wp\/v2\/users\/4"}],"replies":[{"embeddable":true,"href":"https:\/\/lavozpuntana.com\/index.php?rest_route=%2Fwp%2Fv2%2Fcomments&post=8230"}],"version-history":[{"count":1,"href":"https:\/\/lavozpuntana.com\/index.php?rest_route=\/wp\/v2\/posts\/8230\/revisions"}],"predecessor-version":[{"id":8231,"href":"https:\/\/lavozpuntana.com\/index.php?rest_route=\/wp\/v2\/posts\/8230\/revisions\/8231"}],"wp:featuredmedia":[{"embeddable":true,"href":"https:\/\/lavozpuntana.com\/index.php?rest_route=\/wp\/v2\/media\/7947"}],"wp:attachment":[{"href":"https:\/\/lavozpuntana.com\/index.php?rest_route=%2Fwp%2Fv2%2Fmedia&parent=8230"}],"wp:term":[{"taxonomy":"category","embeddable":true,"href":"https:\/\/lavozpuntana.com\/index.php?rest_route=%2Fwp%2Fv2%2Fcategories&post=8230"},{"taxonomy":"post_tag","embeddable":true,"href":"https:\/\/lavozpuntana.com\/index.php?rest_route=%2Fwp%2Fv2%2Ftags&post=8230"}],"curies":[{"name":"wp","href":"https:\/\/api.w.org\/{rel}","templated":true}]}}