{"id":8232,"date":"2023-02-23T00:28:35","date_gmt":"2023-02-23T03:28:35","guid":{"rendered":"https:\/\/lavozpuntana.com\/?p=8232"},"modified":"2023-02-23T00:28:37","modified_gmt":"2023-02-23T03:28:37","slug":"horacio-rodriguez-larreta-es-hora-de-animarnos-a-transformar-el-pais-para-siempre","status":"publish","type":"post","link":"https:\/\/lavozpuntana.com\/?p=8232","title":{"rendered":"HORACIO RODR\u00cdGUEZ LARRETA: \u201cES HORA DE ANIMARNOS A TRANSFORMAR EL PA\u00cdS PARA SIEMPRE\u201d"},"content":{"rendered":"\n<p><strong>Junto a una foto en las redes sociales, Horacio Rodr\u00edguez Larreta sostuvo: \u201cEs hora de animarnos a transformar el pa\u00eds para siempre\u201d, escribi\u00f3 como anticipo a un video con un mensaje personal que se difundir\u00e1 por los mismos medios.<\/strong><\/p>\n\n\n\n<p>La foto es del kil\u00f3metro 0 de la Ruta 40 en la localidad de Cabo V\u00edrgenes a 133 kil\u00f3metros de R\u00edo Gallegos, Santa Cruz. La Ruta 40 une a toda la Argentina paralela a la Cordillera de los Andes, de sur a norte. La imagen sintetiza la propuesta de Rodr\u00edguez Larreta de un camino que sume a todos los argentinos, un camino sin divisiones, de uni\u00f3n y di\u00e1logo en un pa\u00eds federal e integrado.<\/p>\n\n\n\n<p>Con el hashtag #Hora2023, la publicaci\u00f3n se realiz\u00f3 a las 20:23 con la intenci\u00f3n de manifestar el compromiso pol\u00edtico del comienzo de una etapa que busca transformar definitivamente&nbsp;al&nbsp;pa\u00eds.<\/p>\n","protected":false},"excerpt":{"rendered":"<p>Junto a una foto en las redes sociales, Horacio Rodr\u00edguez Larreta sostuvo: \u201cEs hora de animarnos a transformar el pa\u00eds para siempre\u201d, escribi\u00f3 como anticipo a un video con un mensaje personal que se difundir\u00e1 por los mismos medios.<\/p>\n","protected":false},"author":4,"featured_media":8233,"comment_status":"closed","ping_status":"closed","sticky":false,"template":"","format":"standard","meta":{"footnotes":""},"categories":[5],"tags":[],"class_list":["post-8232","post","type-post","status-publish","format-standard","has-post-thumbnail","hentry","category-el-pais"],"_links":{"self":[{"href":"https:\/\/lavozpuntana.com\/index.php?rest_route=\/wp\/v2\/posts\/8232","targetHints":{"allow":["GET"]}}],"collection":[{"href":"https:\/\/lavozpuntana.com\/index.php?rest_route=\/wp\/v2\/posts"}],"about":[{"href":"https:\/\/lavozpuntana.com\/index.php?rest_route=\/wp\/v2\/types\/post"}],"author":[{"embeddable":true,"href":"https:\/\/lavozpuntana.com\/index.php?rest_route=\/wp\/v2\/users\/4"}],"replies":[{"embeddable":true,"href":"https:\/\/lavozpuntana.com\/index.php?rest_route=%2Fwp%2Fv2%2Fcomments&post=8232"}],"version-history":[{"count":1,"href":"https:\/\/lavozpuntana.com\/index.php?rest_route=\/wp\/v2\/posts\/8232\/revisions"}],"predecessor-version":[{"id":8234,"href":"https:\/\/lavozpuntana.com\/index.php?rest_route=\/wp\/v2\/posts\/8232\/revisions\/8234"}],"wp:featuredmedia":[{"embeddable":true,"href":"https:\/\/lavozpuntana.com\/index.php?rest_route=\/wp\/v2\/media\/8233"}],"wp:attachment":[{"href":"https:\/\/lavozpuntana.com\/index.php?rest_route=%2Fwp%2Fv2%2Fmedia&parent=8232"}],"wp:term":[{"taxonomy":"category","embeddable":true,"href":"https:\/\/lavozpuntana.com\/index.php?rest_route=%2Fwp%2Fv2%2Fcategories&post=8232"},{"taxonomy":"post_tag","embeddable":true,"href":"https:\/\/lavozpuntana.com\/index.php?rest_route=%2Fwp%2Fv2%2Ftags&post=8232"}],"curies":[{"name":"wp","href":"https:\/\/api.w.org\/{rel}","templated":true}]}}