{"id":8287,"date":"2023-02-28T12:37:09","date_gmt":"2023-02-28T15:37:09","guid":{"rendered":"https:\/\/lavozpuntana.com\/?p=8287"},"modified":"2023-06-21T20:07:03","modified_gmt":"2023-06-21T23:07:03","slug":"the-best-argentina-se-llevo-todos-los-premios-y-le-puso-show-a-la-gala","status":"publish","type":"post","link":"https:\/\/lavozpuntana.com\/?p=8287","title":{"rendered":"THE BEST: ARGENTINA SE LLEV\u00d3 TODOS LOS PREMIOS Y LE PUSO SHOW A LA GALA"},"content":{"rendered":"\n<p><strong>A partir de la consagraci\u00f3n en el Mundial Qatar 2022, cuatro premios sobre cuatro fue la gran cosecha argentina recogida en los premios The Best, que se otorgaron en Par\u00eds. Lionel Messi (que tambi\u00e9n form\u00f3 parte del \u00abequipo ideal\u00bb), Lionel Scaloni, Emiliano \u00abDibu\u00bb Mart\u00ednez y la hinchada albiceleste se llevaron los galardones respectivos a Mejor Jugador, Mejor Entrenador, Mejor Arquero y el Premio a la pasi\u00f3n.<\/strong><\/p>\n\n\n\n<p>Con un final m\u00e1s que cantado, el capit\u00e1n de la Selecci\u00f3n se llev\u00f3 el premio The Best por segunda ocasi\u00f3n. \u00abEs para Leo Messi, el campe\u00f3n argentino\u00bb, anunci\u00f3 Gianni Infantino, presidente de la FIFA.<\/p>\n\n\n\n<p>Visiblemente nervioso, Messi declar\u00f3: \u00abEs un placer formar esta terna con (Karim) Benzema, que no est\u00e1, y con Kylian (Mbapp\u00e9), mi compa\u00f1ero, que tuvo un a\u00f1o grand\u00edsimo. Agradezco el esfuerzo de todos mis compa\u00f1eros de plantel y a nuestro entrenador Scaloni\u00bb, comenz\u00f3 diciendo el m\u00e1ximo referente argentino.<\/p>\n\n\n\n<p>\u00abLa verdad, el 2022 fue una locura para m\u00ed porque pude cumplir mi sue\u00f1o. Y es lo m\u00e1s hermoso que me pas\u00f3 en la carrera. Gracias a Dios, que lo pude obtener, y a la gente de Argentina, por haber vivido todo eso como lo vivieron\u00bb, dijo conmovido. Por \u00faltimo, el astro rosarino dedic\u00f3 el premio a sus hijos y les pidi\u00f3 \u00abque se vayan a dormir\u00bb, en medio de los aplausos de la concurencia.<\/p>\n\n\n\n<p>Un poco antes, el ex guardavallas brasile\u00f1o Julio C\u00e9sar fue el encargado de otorgar el premio al mejor arquero a \u00abDibu\u00bb Mart\u00ednez, quien le gan\u00f3 la pulseada al marroqu\u00ed Bono y al belga Thibout Courtois.<\/p>\n\n\n\n<p>\u00abEste premio es algo muy lindo para mi carrera. Todos saben de d\u00f3nde vengo. Siento un gran orgullo: despu\u00e9s de 36 a\u00f1os haber salido campeones con Argentina fue algo hermoso, el sue\u00f1o de toda mi vida\u00bb, comenz\u00f3 diciendo el h\u00e9roe de Qatar 2022, que quebrado por la emoci\u00f3n confes\u00f3: \u00abCuando me preguntan qui\u00e9nes son mis \u00eddolos, yo elijo a mi mam\u00e1, limpiando edificios por ocho, nueve horas, y a mi pap\u00e1, trabajando todos los d\u00edas\u00bb, concluy\u00f3 el capit\u00e1n del Aston Villa.<\/p>\n\n\n\n<p>Tal como se preve\u00eda en el rubro mejor entrenador, Scaloni se impuso sobre el italiano Carlo Ancelotti -que con Real Madrid alz\u00f3 su cuarta Champions League- y el catal\u00e1n Pep Guardiola, campe\u00f3n con Manchester City. El italiano Fabio Capello, otrora DT multicampe\u00f3n, fue el encargado de entregar el premio a un entrenador que, sin experiencia previa en clubes de Primera Divisi\u00f3n, logr\u00f3 ganar con Argentina la Copa Am\u00e9rica, la Finalissima y la \u00faltima Copa del Mundo.<\/p>\n\n\n\n<p>\u00abEste premio tiene un valor enorme, porque lo votan los propios futbolistas. Agradezco a los jugadores de esta Selecci\u00f3n maravillosa, porque sin ellos no hubiera podido lograrse nada. Tambi\u00e9n al presidente de la AFA, Claudio Tapia; a todo el cuerpo t\u00e9cnico, que son mis amigos. Y por supuesto a toda mi familia, que me apoy\u00f3 siempre\u00bb, dijo, para a\u00f1adir con frescura significativa: \u00abNo hay nada m\u00e1s lindo que ver a tu gente feliz: hemos jugado para ellos, es nuestro tributo. Gracias a todo nuestro pa\u00eds\u00bb, cerr\u00f3 el selecionador que confirm\u00f3 que continuar\u00e1 al frente de la Albiceleste hasta 2026.<\/p>\n\n\n\n<p>A la hora de premiar la pasi\u00f3n, el galard\u00f3n recay\u00f3 en la hinchada argentina. Fue recibido por el Tula, quien hasta se congratul\u00f3 por dar de antemano por ganador a Messi, cuando el rosarino a\u00fan no hab\u00eda sido premiado.<\/p>\n\n\n\n<p>Sin ambages, el fan\u00e1tico de Rosario Central cont\u00f3 muy emocionado que sigue a la Selecci\u00f3n desde el Mundial de Alemania 1974, que aboga por terminar con la violencia y con su sempiterno bombo se anim\u00f3 en vivo con el cl\u00e1sico \u00abVamos vamos, Argentina\u00bb, ante la sonrisa c\u00f3mplice de varios compatriotas presentes en el auditorio.<\/p>\n\n\n\n<p>La ceremonia hab\u00eda comenzado con una introducci\u00f3n de Infantino, quien ofrend\u00f3 un sentido homenaje al astro Pel\u00e9, fallecido el \u00faltimo 29 de diciembre.<\/p>\n\n\n\n<p>Acompa\u00f1ado de la \u00faltima esposa de O Rei, Marcia Aoki, el brasile\u00f1o Ronaldo lo consider\u00f3 como el \u00abRey del deporte\u00bb. \u00abPel\u00e9 fue el mejor dentro del campo y gener\u00f3 un cambio social al luchar contra el racismo y la discriminaci\u00f3n\u00bb, resalt\u00f3 el ex delantero de la Verdeamarela, que junto a toda la concurrencia asisti\u00f3 con emoci\u00f3n a una versi\u00f3n libre en portugu\u00e9s de \u00abChanges\u00bb, la emblem\u00e1tica canci\u00f3n de David Bowie a cargo del artista Seu Jorge, quien se present\u00f3 ataviado con una casaca del Cosmos, \u00faltimo club en el que milit\u00f3 el m\u00edtico 10 de Brasil.<\/p>\n\n\n\n<p>El legendario Jairzinho, presente entre el p\u00fablico de la gala, tambi\u00e9n habl\u00f3 de Pel\u00e9, con quien se consagr\u00f3 campe\u00f3n en el Mundial de 1970: \u00abFue uno de los mejores de todos los tiempos; tuve la oportunidad de aprender de \u00e9l con su gran inteligencia y naturalidad. Hizo que Brasil consiguiera tres campeonatos del mundo. Y me emociona mucho que estemos aqu\u00ed rindi\u00e9ndole homenaje\u00bb, concluy\u00f3 el veterano ex atacante.<\/p>\n\n\n\n<p>Asimismo, el Puskas que elige entre los mejores goles de la temporada -una categor\u00eda en este caso mixta- fue entregado por el italiano Alessandro Del Piero y otorgado al polaco Marcin Oleksy por un gol impresionante que hizo en el f\u00fatbol paral\u00edmpico. Cabe se\u00f1alar que a Oleksy le amputaron una pierna y debi\u00f3 estar dos a\u00f1os en silla de ruedas. Atr\u00e1s en la elecci\u00f3n quedaron, por caso, el gol del brasile\u00f1o Richarlison a Corea del Sur en el \u00faltimo Mundial y hasta uno de Francisco Gonz\u00e1lez Metilli a Rosario Central jugando para Central C\u00f3rdoba.<\/p>\n\n\n\n<p>Por otra parte, la mejor entrenadora result\u00f3 la neerlandesa Sarina Wiegman, actual seleccionadora de Inglaterra, en tanto la jugadora brit\u00e1nica del Manchester United, Mary Earps, fue elegida la mejor arquera de f\u00fatbol femenino.<\/p>\n\n\n\n<p>A su turno, la espa\u00f1ola Alexia Putellas, mediocampista del Barcelona y de la selecci\u00f3n de Espa\u00f1a, no s\u00f3lo alz\u00f3 el premio a mejor jugadora, sino que tambi\u00e9n form\u00f3 parte del premio FIFPRO al mejor once del f\u00fatbol femenino, compuesto por Endler; Bronze, Williamson, Renard, Le\u00f3n; Walsh, Putellas, Oberdorf; Kerr, Morgan y Mead.<\/p>\n\n\n\n<p>Asimismo, Courtois; Hakimi, Joao Cancelo, Van Dijk (estuvieron los tres defensores); De Bruyne, Modric, Casemiro, Messi, Mbapp\u00e9 (con el brasile\u00f1o, la Pulga y el franc\u00e9s presentes), Benzema y Haaland fue elegido como \u00abequipo ideal\u00bb masculino para el premio FIFPRO.<\/p>\n\n\n\n<p>Por \u00faltimo, el premio Fair Play fue para el georgiano Luka Lochoshvili, quien en medio de un partido por la liga austr\u00edaca se desentendi\u00f3 r\u00e1pidamente del juego para atender a Georg Teigl, un jugador rival que se hab\u00eda desvanecido y estuvo a punto de ahogarse.<\/p>\n\n\n\n<p>Fuente: P\u00e1gina 12.<\/p>\n","protected":false},"excerpt":{"rendered":"<p>A partir de la consagraci\u00f3n en el Mundial Qatar 2022, cuatro premios sobre cuatro fue la gran cosecha argentina recogida en los premios The Best, que se otorgaron en Par\u00eds. Lionel Messi (que tambi\u00e9n form\u00f3 parte del \u00abequipo ideal\u00bb), Lionel Scaloni, Emiliano \u00abDibu\u00bb Mart\u00ednez y la hinchada albiceleste se llevaron los galardones respectivos a Mejor Jugador, Mejor Entrenador, Mejor Arquero y el Premio a la pasi\u00f3n.<\/p>\n","protected":false},"author":4,"featured_media":8288,"comment_status":"closed","ping_status":"closed","sticky":false,"template":"","format":"standard","meta":{"footnotes":""},"categories":[327],"tags":[],"class_list":["post-8287","post","type-post","status-publish","format-standard","has-post-thumbnail","hentry","category-deportes"],"_links":{"self":[{"href":"https:\/\/lavozpuntana.com\/index.php?rest_route=\/wp\/v2\/posts\/8287","targetHints":{"allow":["GET"]}}],"collection":[{"href":"https:\/\/lavozpuntana.com\/index.php?rest_route=\/wp\/v2\/posts"}],"about":[{"href":"https:\/\/lavozpuntana.com\/index.php?rest_route=\/wp\/v2\/types\/post"}],"author":[{"embeddable":true,"href":"https:\/\/lavozpuntana.com\/index.php?rest_route=\/wp\/v2\/users\/4"}],"replies":[{"embeddable":true,"href":"https:\/\/lavozpuntana.com\/index.php?rest_route=%2Fwp%2Fv2%2Fcomments&post=8287"}],"version-history":[{"count":1,"href":"https:\/\/lavozpuntana.com\/index.php?rest_route=\/wp\/v2\/posts\/8287\/revisions"}],"predecessor-version":[{"id":8289,"href":"https:\/\/lavozpuntana.com\/index.php?rest_route=\/wp\/v2\/posts\/8287\/revisions\/8289"}],"wp:featuredmedia":[{"embeddable":true,"href":"https:\/\/lavozpuntana.com\/index.php?rest_route=\/wp\/v2\/media\/8288"}],"wp:attachment":[{"href":"https:\/\/lavozpuntana.com\/index.php?rest_route=%2Fwp%2Fv2%2Fmedia&parent=8287"}],"wp:term":[{"taxonomy":"category","embeddable":true,"href":"https:\/\/lavozpuntana.com\/index.php?rest_route=%2Fwp%2Fv2%2Fcategories&post=8287"},{"taxonomy":"post_tag","embeddable":true,"href":"https:\/\/lavozpuntana.com\/index.php?rest_route=%2Fwp%2Fv2%2Ftags&post=8287"}],"curies":[{"name":"wp","href":"https:\/\/api.w.org\/{rel}","templated":true}]}}