{"id":8302,"date":"2023-03-01T10:42:24","date_gmt":"2023-03-01T13:42:24","guid":{"rendered":"https:\/\/lavozpuntana.com\/?p=8302"},"modified":"2023-06-21T20:07:03","modified_gmt":"2023-06-21T23:07:03","slug":"ley-de-moratoria-previsional-punto-por-punto-del-proyecto-aprobado-en-diputados","status":"publish","type":"post","link":"https:\/\/lavozpuntana.com\/?p=8302","title":{"rendered":"LEY DE MORATORIA PREVISIONAL: PUNTO POR PUNTO DEL PROYECTO APROBADO EN DIPUTADOS"},"content":{"rendered":"\n<p><strong>El proyecto que se aprob\u00f3 contempla el pago de la moratoria previsional de 800.000 personas en el pa\u00eds que no cuentan con aportes suficientes para jubilarse.<\/strong><\/p>\n\n\n\n<p>La C\u00e1mara de Diputados debati\u00f3 este martes en una sesi\u00f3n especial, a pedido del bloque del Frente de Todos (FdT), el proyecto de moratoria previsional que permitir\u00e1 resolver la situaci\u00f3n de unos 800 mil trabajadores y trabajadoras en edad de jubilarse que no cuentan con el total de aportes realizados y otro que crea un programa de digitalizaci\u00f3n de las historias cl\u00ednicas para todo el pa\u00eds.<\/p>\n\n\n\n<p>Con 134 votos a favor, 107 votos en contra y 0 abstenciones se aprob\u00f3 el proyecto de ley de moratoria previsional. El Frente de Todos obtuvo qu\u00f3rum con la presencia del Frente de Izquierda-Unidad, del bloque Provincias Unidas -con legisladores de Misiones y R\u00edo Negro- y del Interbloque Federal, de santafesinos y bonaerenses. Precisamente con los votos de esas bancas, junto a los diputados referenciados con el gobernador cordob\u00e9s Juan Schiaretti, la propuesta fue sancionada.<\/p>\n\n\n\n<p>Ley de moratoria previsional: punto por punto del proyecto<\/p>\n\n\n\n<p>La propuesta, presentada en el Senado por Anabel Fern\u00e1ndez Sagasti y con media sanci\u00f3n desde el 30 de junio pasado, establece que las personas en edad jubilatoria pero sin los aportes exigidos podr\u00e1n regularizar per\u00edodos faltantes hasta el mes de diciembre de 2008 inclusive, con una modalidad de pago en cuotas que ser\u00e1n descontadas de manera directa del haber jubilatorio que se obtenga a trav\u00e9s del programa.<\/p>\n\n\n\n<p>Asimismo, contempla la posibilidad de que las personas en edad pre-jubilatoria (mujeres de 50 a 59 a\u00f1os y varones de 55 a 64 a\u00f1os) que saben que no llegar\u00e1n con los a\u00f1os de aportes necesarios, puedan anticiparse y comenzar a pagar ellos mismos los per\u00edodos faltantes.<\/p>\n\n\n\n<p>Cada mes, los trabajadores en edad de jubilaci\u00f3n que no cuentes con los aportes necesarios tendr\u00e1n que pagar una cuota de la moratoria para poder comenzar a cobrar su prestaci\u00f3n.<\/p>\n\n\n\n<p>La cuota se calcular\u00e1 como un porcentaje (basado en el componenteprevisional) sobre la remuneraci\u00f3n m\u00ednima imponible y podr\u00e1n comprar a\u00f1os hasta 2008. Los ingresos en concepto de cuota componen los recursosde aportes y contribuciones que se destinan a ANSES.<\/p>\n\n\n\n<p>Seg\u00fan estimaron desde ANSES, en 2023, alrededor de 620.000 personas podr\u00edan jubilarse, con erogaciones netas de 278.086 millones de pesos.<\/p>\n\n\n\n<p>Fuente: \u00c1mbito.<\/p>\n","protected":false},"excerpt":{"rendered":"<p>El proyecto que se aprob\u00f3 contempla el pago de la moratoria previsional de 800.000 personas en el pa\u00eds que no cuentan con aportes suficientes para jubilarse.<\/p>\n","protected":false},"author":4,"featured_media":8303,"comment_status":"closed","ping_status":"closed","sticky":false,"template":"","format":"standard","meta":{"footnotes":""},"categories":[5],"tags":[],"class_list":["post-8302","post","type-post","status-publish","format-standard","has-post-thumbnail","hentry","category-el-pais"],"_links":{"self":[{"href":"https:\/\/lavozpuntana.com\/index.php?rest_route=\/wp\/v2\/posts\/8302","targetHints":{"allow":["GET"]}}],"collection":[{"href":"https:\/\/lavozpuntana.com\/index.php?rest_route=\/wp\/v2\/posts"}],"about":[{"href":"https:\/\/lavozpuntana.com\/index.php?rest_route=\/wp\/v2\/types\/post"}],"author":[{"embeddable":true,"href":"https:\/\/lavozpuntana.com\/index.php?rest_route=\/wp\/v2\/users\/4"}],"replies":[{"embeddable":true,"href":"https:\/\/lavozpuntana.com\/index.php?rest_route=%2Fwp%2Fv2%2Fcomments&post=8302"}],"version-history":[{"count":1,"href":"https:\/\/lavozpuntana.com\/index.php?rest_route=\/wp\/v2\/posts\/8302\/revisions"}],"predecessor-version":[{"id":8304,"href":"https:\/\/lavozpuntana.com\/index.php?rest_route=\/wp\/v2\/posts\/8302\/revisions\/8304"}],"wp:featuredmedia":[{"embeddable":true,"href":"https:\/\/lavozpuntana.com\/index.php?rest_route=\/wp\/v2\/media\/8303"}],"wp:attachment":[{"href":"https:\/\/lavozpuntana.com\/index.php?rest_route=%2Fwp%2Fv2%2Fmedia&parent=8302"}],"wp:term":[{"taxonomy":"category","embeddable":true,"href":"https:\/\/lavozpuntana.com\/index.php?rest_route=%2Fwp%2Fv2%2Fcategories&post=8302"},{"taxonomy":"post_tag","embeddable":true,"href":"https:\/\/lavozpuntana.com\/index.php?rest_route=%2Fwp%2Fv2%2Ftags&post=8302"}],"curies":[{"name":"wp","href":"https:\/\/api.w.org\/{rel}","templated":true}]}}