{"id":8474,"date":"2023-03-16T01:55:33","date_gmt":"2023-03-16T04:55:33","guid":{"rendered":"https:\/\/lavozpuntana.com\/?p=8474"},"modified":"2023-03-16T01:55:36","modified_gmt":"2023-03-16T04:55:36","slug":"estudiantes-de-la-unvime-realizaran-una-manifestacion-por-la-actual-situacion-aulica","status":"publish","type":"post","link":"https:\/\/lavozpuntana.com\/?p=8474","title":{"rendered":"ESTUDIANTES DE LA UNVIME REALIZAR\u00c1N UNA MANIFESTACI\u00d3N POR LA ACTUAL SITUACI\u00d3N \u00c1ULICA"},"content":{"rendered":"\n<p><strong>Mediante un comunicado por redes sociales, estudiantes de la Universidad Nacional de Villa Mercedes, anunciaron que realizar\u00e1n una concentraci\u00f3n a partir de las 11:00 de hoy, en la plaza del Mercado.<\/strong><\/p>\n\n\n\n<p>Reclaman por cuestiones edilicias de la Escuela de Ingenier\u00eda y Ciencias Ambientales y la Escuela de Gesti\u00f3n de Empresas y Econom\u00eda.<\/p>\n\n\n\n<p>A continuaci\u00f3n, te compartimos el comunicado:<\/p>\n\n\n\n<p>|| LAS Y LOS ESTUDIANTES DE LA UNVIME DECIMOS BASTA ||<\/p>\n\n\n\n<p>Estudiantes autoconvocados de la Universidad Nacional de Villa Mercedes exigimos a las autoridades de la universidad explicaciones y soluciones respecto a la actual situaci\u00f3n \u00e1ulica en la que se encuentran la Escuela de Ingenier\u00eda y Ciencias Ambientales y la Escuela de Gesti\u00f3n de Empresas y Econom\u00eda.<\/p>\n\n\n\n<p>El d\u00eda lunes 13 de marzo de 2023 deb\u00eda darse por empezado el primer cuatrimestre del ciclo lectivo 2023, el cual marca el comienzo del d\u00e9cimo ciclo lectivo en la Universidad Nacional de Villa Mercedes.<\/p>\n\n\n\n<p>El mismo no comenz\u00f3 ya que el d\u00eda 10 de marzo se public\u00f3 un comunicado donde se planteaba que la situaci\u00f3n en la que nos encontramos se deb\u00eda a la tormenta ocurrida en enero de este mismo a\u00f1o. Pasaron 45 d\u00edas entre la tormenta y la fecha del comunicado, en el cual la \u00fanica medida que se menciona es la posibilidad de un comienzo de clases mediante \u201cpresencialidad remota\u201d.<\/p>\n\n\n\n<p>Hace 10 a\u00f1os que se cre\u00f3 nuestra Universidad y hace 6 a\u00f1os que es rector David Rivarola, en esos 6 a\u00f1os nuestra universidad sigue sin tener su sede propia, 6 a\u00f1os en que las autoridades priorizan la construcci\u00f3n de edificios administrativos por sobre la garant\u00eda de las aulas necesarias para una matr\u00edcula estudiantil que se incrementa cada a\u00f1o, 6 a\u00f1os sin garantizar aulas, espacios f\u00edsicos para estudiar, comedor, para que los y las docentes puedan dar clases de consulta, ninguna pol\u00edtica de soporte a estudiantes que viajan a la ciudad para estudiar, y muchas problem\u00e1ticas m\u00e1s.<\/p>\n\n\n\n<p>Por lo mencionado anteriormente es que decidimos hacer o\u00edr nuestro reclamo de condiciones dignas de cursada, de explicaciones y soluciones reales a esta situaci\u00f3n.<\/p>\n\n\n\n<p>Por este medio hacemos extensiva la invitaci\u00f3n a toda la comunidad a acompa\u00f1arnos en esta manifestaci\u00f3n en defensa de nuestra casa de estudios.<\/p>\n\n\n\n<p>El d\u00eda Jueves 16 a las 11hs nos concentraremos en la Plaza del Mercado.<\/p>\n","protected":false},"excerpt":{"rendered":"<p>Mediante un comunicado por redes sociales, estudiantes de la Universidad Nacional de Villa Mercedes, anunciaron que realizar\u00e1n una concentraci\u00f3n a partir de las 11:00 de hoy, en la plaza del Mercado.<\/p>\n","protected":false},"author":4,"featured_media":8475,"comment_status":"closed","ping_status":"closed","sticky":false,"template":"","format":"standard","meta":{"footnotes":""},"categories":[4],"tags":[],"class_list":["post-8474","post","type-post","status-publish","format-standard","has-post-thumbnail","hentry","category-la-provincia"],"_links":{"self":[{"href":"https:\/\/lavozpuntana.com\/index.php?rest_route=\/wp\/v2\/posts\/8474","targetHints":{"allow":["GET"]}}],"collection":[{"href":"https:\/\/lavozpuntana.com\/index.php?rest_route=\/wp\/v2\/posts"}],"about":[{"href":"https:\/\/lavozpuntana.com\/index.php?rest_route=\/wp\/v2\/types\/post"}],"author":[{"embeddable":true,"href":"https:\/\/lavozpuntana.com\/index.php?rest_route=\/wp\/v2\/users\/4"}],"replies":[{"embeddable":true,"href":"https:\/\/lavozpuntana.com\/index.php?rest_route=%2Fwp%2Fv2%2Fcomments&post=8474"}],"version-history":[{"count":1,"href":"https:\/\/lavozpuntana.com\/index.php?rest_route=\/wp\/v2\/posts\/8474\/revisions"}],"predecessor-version":[{"id":8476,"href":"https:\/\/lavozpuntana.com\/index.php?rest_route=\/wp\/v2\/posts\/8474\/revisions\/8476"}],"wp:featuredmedia":[{"embeddable":true,"href":"https:\/\/lavozpuntana.com\/index.php?rest_route=\/wp\/v2\/media\/8475"}],"wp:attachment":[{"href":"https:\/\/lavozpuntana.com\/index.php?rest_route=%2Fwp%2Fv2%2Fmedia&parent=8474"}],"wp:term":[{"taxonomy":"category","embeddable":true,"href":"https:\/\/lavozpuntana.com\/index.php?rest_route=%2Fwp%2Fv2%2Fcategories&post=8474"},{"taxonomy":"post_tag","embeddable":true,"href":"https:\/\/lavozpuntana.com\/index.php?rest_route=%2Fwp%2Fv2%2Ftags&post=8474"}],"curies":[{"name":"wp","href":"https:\/\/api.w.org\/{rel}","templated":true}]}}