{"id":8628,"date":"2023-03-31T00:10:47","date_gmt":"2023-03-31T03:10:47","guid":{"rendered":"https:\/\/lavozpuntana.com\/?p=8628"},"modified":"2023-03-31T00:10:48","modified_gmt":"2023-03-31T03:10:48","slug":"argentina-sera-sede-del-mundial-sub-20-y-podra-jugarlo","status":"publish","type":"post","link":"https:\/\/lavozpuntana.com\/?p=8628","title":{"rendered":"ARGENTINA SER\u00c1 SEDE DEL MUNDIAL SUB 20 Y PODR\u00c1 JUGARLO"},"content":{"rendered":"\n<p><strong>La FIFA le sac\u00f3 el rol de organizador a Indonesia, la AFA se ofreci\u00f3 y ahora podr\u00e1 participar por ser pa\u00eds anfitri\u00f3n. Todo se decidi\u00f3 tras la reuni\u00f3n del presidente de la FIFA, Gianni Infantino, con Alejandro Dom\u00ednguez, en la sede de la Conmebol.<\/strong><\/p>\n\n\n\n<p>Cuando parec\u00eda que el seleccionado nacional iba a tener que mirar el Mundial Sub 20 desde afuera, el destino movi\u00f3 algunas piezas y lo que asomaba como un imposible, por el pobr\u00edsimo rendimiento en el Sudamericano clasificatorio de la categor\u00eda, finalmente la chance lleg\u00f3 desde un costado inesperado.<\/p>\n\n\n\n<p>Es que luego de la determinaci\u00f3n de la Fifa de sacarle a Indonesia la organizaci\u00f3n de esta competencia, las autoridades de la AFA se movieron con astucia y velocidad, y ofrecieron a la Argentina como sede. Y todo indica que sus intenciones tendr\u00e1n eco en el m\u00e1ximo organismo del f\u00fatbol internacional.<\/p>\n\n\n\n<p>Si bien todav\u00eda no hubo una confirmaci\u00f3n oficial (que llegar\u00eda este fin de semana), siendo anfitri\u00f3n, Argentina podr\u00e1 participar del Mundial y eso moviliz\u00f3 el fervor y las expectativas de los hinchas que podr\u00e1n acceder a un certamen muy atractivo, con todas las promesas del f\u00fatbol mundial.<\/p>\n\n\n\n<p>El seleccionado albiceleste de la categor\u00eda hab\u00eda perdido esa posibilidad por el mal paso del conjunto dirigido por Javier Mascherano en el Sudamericano, que qued\u00f3 afuera antes del tramo decisivo y no consigui\u00f3 plaza para el Mundial.<\/p>\n\n\n\n<p>Indonesia fue apartado como organizador porque no quer\u00eda recibir a la selecci\u00f3n israel\u00ed, uno de los conjuntos ya clasificados por la Uefa, ante esa situaci\u00f3n Argentina se movi\u00f3 r\u00e1pido y se qued\u00f3 con la sede.<\/p>\n\n\n\n<p>Eso trascendi\u00f3 este jueves tras la visita del presidente de la Fifa, Gianni Infantino, a las instalaciones de la Conmebol en Asunci\u00f3n de Paraguay. All\u00ed, Argentina consigui\u00f3 el gui\u00f1o de aceptaci\u00f3n que se oficializar\u00e1 en pocos d\u00edas.<\/p>\n\n\n\n<p>El Mundial Sub 20 se jugar\u00e1 en Argentina entre los meses de mayo y junio, y los estadios que ser\u00edan sedes en esta oportunidad son:<\/p>\n\n\n\n<p>\u25baEstadio Madre de Ciudades de Santiago del Estero.<\/p>\n\n\n\n<p>\u25baEstadio Ciudad de La Plata.<\/p>\n\n\n\n<p>\u25baEstadio Bicentanario de San Juan.<\/p>\n\n\n\n<p>\u25baEstadio La Pedrera de San Luis.<\/p>\n\n\n\n<p>\u25baEstadio Malvinas Argentinas de Mendoza.<\/p>\n\n\n\n<p>Por reglamentaci\u00f3n no se pueden usar estadios que est\u00e9n albergando en ese momento competencias locales. Por eso, todo se inclina por estas ubicaciones.<\/p>\n\n\n\n<p>Fuente: La Capital.<\/p>\n","protected":false},"excerpt":{"rendered":"<p>La FIFA le sac\u00f3 el rol de organizador a Indonesia, la AFA se ofreci\u00f3 y ahora podr\u00e1 participar por ser pa\u00eds anfitri\u00f3n. Todo se decidi\u00f3 tras la reuni\u00f3n del presidente de la FIFA, Gianni Infantino, con Alejandro Dom\u00ednguez, en la sede de la Conmebol.<\/p>\n","protected":false},"author":4,"featured_media":8629,"comment_status":"closed","ping_status":"closed","sticky":false,"template":"","format":"standard","meta":{"footnotes":""},"categories":[327],"tags":[],"class_list":["post-8628","post","type-post","status-publish","format-standard","has-post-thumbnail","hentry","category-deportes"],"_links":{"self":[{"href":"https:\/\/lavozpuntana.com\/index.php?rest_route=\/wp\/v2\/posts\/8628","targetHints":{"allow":["GET"]}}],"collection":[{"href":"https:\/\/lavozpuntana.com\/index.php?rest_route=\/wp\/v2\/posts"}],"about":[{"href":"https:\/\/lavozpuntana.com\/index.php?rest_route=\/wp\/v2\/types\/post"}],"author":[{"embeddable":true,"href":"https:\/\/lavozpuntana.com\/index.php?rest_route=\/wp\/v2\/users\/4"}],"replies":[{"embeddable":true,"href":"https:\/\/lavozpuntana.com\/index.php?rest_route=%2Fwp%2Fv2%2Fcomments&post=8628"}],"version-history":[{"count":1,"href":"https:\/\/lavozpuntana.com\/index.php?rest_route=\/wp\/v2\/posts\/8628\/revisions"}],"predecessor-version":[{"id":8630,"href":"https:\/\/lavozpuntana.com\/index.php?rest_route=\/wp\/v2\/posts\/8628\/revisions\/8630"}],"wp:featuredmedia":[{"embeddable":true,"href":"https:\/\/lavozpuntana.com\/index.php?rest_route=\/wp\/v2\/media\/8629"}],"wp:attachment":[{"href":"https:\/\/lavozpuntana.com\/index.php?rest_route=%2Fwp%2Fv2%2Fmedia&parent=8628"}],"wp:term":[{"taxonomy":"category","embeddable":true,"href":"https:\/\/lavozpuntana.com\/index.php?rest_route=%2Fwp%2Fv2%2Fcategories&post=8628"},{"taxonomy":"post_tag","embeddable":true,"href":"https:\/\/lavozpuntana.com\/index.php?rest_route=%2Fwp%2Fv2%2Ftags&post=8628"}],"curies":[{"name":"wp","href":"https:\/\/api.w.org\/{rel}","templated":true}]}}