{"id":8631,"date":"2023-03-31T00:14:41","date_gmt":"2023-03-31T03:14:41","guid":{"rendered":"https:\/\/lavozpuntana.com\/?p=8631"},"modified":"2023-03-31T00:14:43","modified_gmt":"2023-03-31T03:14:43","slug":"confirmaron-en-chile-primer-caso-de-gripe-aviar-en-humanos","status":"publish","type":"post","link":"https:\/\/lavozpuntana.com\/?p=8631","title":{"rendered":"CONFIRMARON EN CHILE PRIMER CASO DE GRIPE AVIAR EN HUMANOS"},"content":{"rendered":"\n<p><strong>El Ministerio de Salud de Chile confirm\u00f3 este mi\u00e9rcoles el primer caso de gripe aviar H5N1 en humanos, un hombre de 53 a\u00f1os, residente en la zona norte del pa\u00eds trasandino.<\/strong><\/p>\n\n\n\n<p>A trav\u00e9s de un comunicado, el organismo certific\u00f3 que el infectado padece un cuadro de \u00abinfluenza grave\u00bb, pero advirti\u00f3 que se encuentra estable, ingresado en un nosocomio local.<\/p>\n\n\n\n<p>\u00abSe investiga la fuente de contacto y si existen antecedentes de otros afectados en el entorno del paciente\u00bb, a\u00f1adi\u00f3 el ministerio en el documento. Adem\u00e1s, en la nota se especific\u00f3 que \u00abEl virus H5N1 o \u2018gripe aviar\u2019 es un virus que se puede transmitir desde aves o mam\u00edferos marinos al ser humano, aunque no se conocen casos de contagios de humano a humano\u00bb, pero instaron a la poblaci\u00f3n a \u00abno manipular aves o mam\u00edferos enfermos o muertos\u00bb.<\/p>\n\n\n\n<p>Por su parte, el Instituto de Salud P\u00fablica confirm\u00f3 el diagn\u00f3stico a dos semanas de que se conociera que \u00abuna empresa av\u00edcola afectada por el virus, sacrific\u00f3 unas 50 mil aves\u00bb.<\/p>\n\n\n\n<p>La Organizaci\u00f3n Mundial de la Salud (OMS), en tanto, llam\u00f3 a inicios de febrero a la vigilancia ante el riesgo de transmisi\u00f3n de la gripe aviar a mam\u00edferos tras detectar casos en zorros, nutrias y leones marinos.<\/p>\n\n\n\n<p>En humanos la gripe aviar puede causar enfermedades respiratorias, con fiebre y tos, problemas gastrointestinales, neumon\u00eda, choque s\u00e9ptico, s\u00edndrome de distr\u00e9s respiratorio agudo o incluso la muerte.<\/p>\n\n\n\n<p>Fuente: Noticias Argentinas<\/p>\n","protected":false},"excerpt":{"rendered":"<p>El Ministerio de Salud de Chile confirm\u00f3 este mi\u00e9rcoles el primer caso de gripe aviar H5N1 en humanos, un hombre de 53 a\u00f1os, residente en la zona norte del pa\u00eds trasandino.<\/p>\n","protected":false},"author":4,"featured_media":8478,"comment_status":"closed","ping_status":"closed","sticky":false,"template":"","format":"standard","meta":{"footnotes":""},"categories":[6],"tags":[],"class_list":["post-8631","post","type-post","status-publish","format-standard","has-post-thumbnail","hentry","category-el-mundo"],"_links":{"self":[{"href":"https:\/\/lavozpuntana.com\/index.php?rest_route=\/wp\/v2\/posts\/8631","targetHints":{"allow":["GET"]}}],"collection":[{"href":"https:\/\/lavozpuntana.com\/index.php?rest_route=\/wp\/v2\/posts"}],"about":[{"href":"https:\/\/lavozpuntana.com\/index.php?rest_route=\/wp\/v2\/types\/post"}],"author":[{"embeddable":true,"href":"https:\/\/lavozpuntana.com\/index.php?rest_route=\/wp\/v2\/users\/4"}],"replies":[{"embeddable":true,"href":"https:\/\/lavozpuntana.com\/index.php?rest_route=%2Fwp%2Fv2%2Fcomments&post=8631"}],"version-history":[{"count":1,"href":"https:\/\/lavozpuntana.com\/index.php?rest_route=\/wp\/v2\/posts\/8631\/revisions"}],"predecessor-version":[{"id":8632,"href":"https:\/\/lavozpuntana.com\/index.php?rest_route=\/wp\/v2\/posts\/8631\/revisions\/8632"}],"wp:featuredmedia":[{"embeddable":true,"href":"https:\/\/lavozpuntana.com\/index.php?rest_route=\/wp\/v2\/media\/8478"}],"wp:attachment":[{"href":"https:\/\/lavozpuntana.com\/index.php?rest_route=%2Fwp%2Fv2%2Fmedia&parent=8631"}],"wp:term":[{"taxonomy":"category","embeddable":true,"href":"https:\/\/lavozpuntana.com\/index.php?rest_route=%2Fwp%2Fv2%2Fcategories&post=8631"},{"taxonomy":"post_tag","embeddable":true,"href":"https:\/\/lavozpuntana.com\/index.php?rest_route=%2Fwp%2Fv2%2Ftags&post=8631"}],"curies":[{"name":"wp","href":"https:\/\/api.w.org\/{rel}","templated":true}]}}