{"id":8633,"date":"2023-04-03T10:00:57","date_gmt":"2023-04-03T13:00:57","guid":{"rendered":"https:\/\/lavozpuntana.com\/?p=8633"},"modified":"2023-04-03T10:00:59","modified_gmt":"2023-04-03T13:00:59","slug":"ricardo-endeiza-es-el-companero-de-formula-de-claudio-poggi","status":"publish","type":"post","link":"https:\/\/lavozpuntana.com\/?p=8633","title":{"rendered":"RICARDO ENDEIZA ES EL COMPA\u00d1ERO DE F\u00d3RMULA DE CLAUDIO POGGI"},"content":{"rendered":"\n<p><strong>La f\u00f3rmula del Sublema Avanzar, integrante del lema Cambia San Luis, es Claudio Poggi para gobernador y Ricardo Endeiza como vicegobernador.<\/strong><\/p>\n\n\n\n<p>Este domingo por la noche, desde Avanzar comunicaron que Ricardo Endeiza ser\u00e1 el candidato a vicegobernador por el sublema Avanzar, que integra el lema opositor Cambia San Luis, acompa\u00f1ando a Claudio Poggi. Endeiza tiene 52 a\u00f1os y es nacido en la ciudad de San Luis.<\/p>\n\n\n\n<p>Breve Biograf\u00eda del Dr. Endeiza:<\/p>\n\n\n\n<p>Ricardo An\u00edbal Antonio Endeiza<\/p>\n\n\n\n<p>52 a\u00f1os \u2013 Nacido en el a\u00f1o 1971 en la Ciudad de San Luis.<\/p>\n\n\n\n<p>Padre de Juan Manuel (18 a\u00f1os) estudiante universitario de la carrera de abogac\u00eda.<\/p>\n\n\n\n<p>Es el mayor de 5 hermanos.<\/p>\n\n\n\n<p>Nieto del ex Gobernador Constitucional V\u00edctor W. Endeiza (periodo 1952 y 1955)<\/p>\n\n\n\n<p>Curs\u00f3 sus estudios primarios y secundarios en la Escuela Normal Mixta \u201cJuan Pascual Pringles\u201d de San Luis.<\/p>\n\n\n\n<p>Abogado, egresado de la Universidad Nacional de Cuyo. Diplomado en Derecho de Da\u00f1os por la Universidad Cat\u00f3lica de C\u00f3rdoba. Diplomado en Litigaci\u00f3n Internacional por la Universidad Nacional de Cuyo.<\/p>\n\n\n\n<p>Ex presidente del Centro de Estudiantes de la Escuela Normal Mixta \u201cJuan Pascual Pringles\u201d de San Luis.<\/p>\n\n\n\n<p>Ex presidente del Club Atl\u00e9tico Juventud Unida Universitario<\/p>\n\n\n\n<p>Ejercicio en forma particular de la profesi\u00f3n de abogado desde hace m\u00e1s de 20 a\u00f1os.<\/p>\n\n\n\n<p>Ex Conjuez Federal del Juzgado Federal de San Luis<\/p>\n\n\n\n<p>Ex Fiscal de Estado de la Provincia de San Luis durante la gobernaci\u00f3n de Claudio Poggi<\/p>\n\n\n\n<p>Presidente de la Fundaci\u00f3n EMPRENDER<\/p>\n\n\n\n<p>Miembro fundador del Partido Avanzar. Miembro de la Junta Promotora del Partido Avanzar, presidente de la Asamblea General Partidaria y apoderado del mismo desde su creaci\u00f3n hasta la fecha.<\/p>\n\n\n\n<p>Responsable Pol\u00edtico y apoderado del Lema \u201cCAMBIA SAN LUIS\u201d.<\/p>\n\n\n\n<p>En el ejercicio de la profesi\u00f3n ha actuado en causas de trascendencia p\u00fablica como el primer fallo contra el \u201ccorralito\u201d en la provincia de San Luis, fue uno de los encargados de obtener la personer\u00eda de \u201cAvanzar\u201d, intervino en la causa por la cual la Corte Suprema de Justicia de la Naci\u00f3n orden\u00f3 al Superior Tribunal de San Luis permitir la participaci\u00f3n de los candidatos opositores al Gobierno de Alberto Rodr\u00edguez Sa\u00e1 en 2017, ha planteado y obtenido varias medidas cautelares&nbsp; por las cuales se prohibi\u00f3 al gobierno de Alberto Rodr\u00edguez Sa\u00e1 la utilizaci\u00f3n de fondos p\u00fablicos&nbsp; o actividades p\u00fablicas con fines electoralistas de su espacio pol\u00edtico.<\/p>\n\n\n\n<p>Tambi\u00e9n como abogado llev\u00f3 adelante el proceso por el cual se logr\u00f3 que la Corte Suprema de Justicia de la Naci\u00f3n dejara sin efecto la condena al periodista Diego Masci por difundir el video de dominio p\u00fablico de la entonces ministra de Educaci\u00f3n Natalia Spinuzza donde la misma manifestaba \u201cestar drogada\u201d, salvaguardando as\u00ed la libertad de expresi\u00f3n y el acceso a la informaci\u00f3n p\u00fablica en San Luis y todo el pa\u00eds.<\/p>\n\n\n\n<p>Fuente: La Posta de San Luis.<\/p>\n","protected":false},"excerpt":{"rendered":"<p>La f\u00f3rmula del Sublema Avanzar, integrante del lema Cambia San Luis, es Claudio Poggi para gobernador y Ricardo Endeiza como vicegobernador.<\/p>\n","protected":false},"author":4,"featured_media":8634,"comment_status":"closed","ping_status":"closed","sticky":false,"template":"","format":"standard","meta":{"footnotes":""},"categories":[4],"tags":[],"class_list":["post-8633","post","type-post","status-publish","format-standard","has-post-thumbnail","hentry","category-la-provincia"],"_links":{"self":[{"href":"https:\/\/lavozpuntana.com\/index.php?rest_route=\/wp\/v2\/posts\/8633","targetHints":{"allow":["GET"]}}],"collection":[{"href":"https:\/\/lavozpuntana.com\/index.php?rest_route=\/wp\/v2\/posts"}],"about":[{"href":"https:\/\/lavozpuntana.com\/index.php?rest_route=\/wp\/v2\/types\/post"}],"author":[{"embeddable":true,"href":"https:\/\/lavozpuntana.com\/index.php?rest_route=\/wp\/v2\/users\/4"}],"replies":[{"embeddable":true,"href":"https:\/\/lavozpuntana.com\/index.php?rest_route=%2Fwp%2Fv2%2Fcomments&post=8633"}],"version-history":[{"count":1,"href":"https:\/\/lavozpuntana.com\/index.php?rest_route=\/wp\/v2\/posts\/8633\/revisions"}],"predecessor-version":[{"id":8635,"href":"https:\/\/lavozpuntana.com\/index.php?rest_route=\/wp\/v2\/posts\/8633\/revisions\/8635"}],"wp:featuredmedia":[{"embeddable":true,"href":"https:\/\/lavozpuntana.com\/index.php?rest_route=\/wp\/v2\/media\/8634"}],"wp:attachment":[{"href":"https:\/\/lavozpuntana.com\/index.php?rest_route=%2Fwp%2Fv2%2Fmedia&parent=8633"}],"wp:term":[{"taxonomy":"category","embeddable":true,"href":"https:\/\/lavozpuntana.com\/index.php?rest_route=%2Fwp%2Fv2%2Fcategories&post=8633"},{"taxonomy":"post_tag","embeddable":true,"href":"https:\/\/lavozpuntana.com\/index.php?rest_route=%2Fwp%2Fv2%2Ftags&post=8633"}],"curies":[{"name":"wp","href":"https:\/\/api.w.org\/{rel}","templated":true}]}}