{"id":8679,"date":"2023-04-04T23:20:00","date_gmt":"2023-04-05T02:20:00","guid":{"rendered":"https:\/\/lavozpuntana.com\/?p=8679"},"modified":"2023-04-04T23:20:02","modified_gmt":"2023-04-05T02:20:02","slug":"ordenan-la-inmediata-detencion-de-un-hombre-acusado-de-abuso-sexual","status":"publish","type":"post","link":"https:\/\/lavozpuntana.com\/?p=8679","title":{"rendered":"ORDENAN LA INMEDIATA DETENCI\u00d3N DE UN HOMBRE ACUSADO DE ABUSO SEXUAL"},"content":{"rendered":"\n<p><strong>La Fiscal de Juicio Virginia Palacios Gonella, en su car\u00e1cter de Coordinadora de la Unidad de Gesti\u00f3n Fiscal, orden\u00f3 la inmediata detenci\u00f3n de un hombre investigado por el presunto delito de abuso sexual en perjuicio de su sobrina.<\/strong><\/p>\n\n\n\n<figure class=\"wp-block-image size-large\"><img loading=\"lazy\" decoding=\"async\" width=\"800\" height=\"450\" src=\"http:\/\/lavozpuntana.com\/wp-content\/uploads\/2023\/04\/arton182209.jpg\" alt=\"\" class=\"wp-image-8680\" srcset=\"https:\/\/lavozpuntana.com\/wp-content\/uploads\/2023\/04\/arton182209.jpg 800w, https:\/\/lavozpuntana.com\/wp-content\/uploads\/2023\/04\/arton182209-300x169.jpg 300w, https:\/\/lavozpuntana.com\/wp-content\/uploads\/2023\/04\/arton182209-768x432.jpg 768w\" sizes=\"auto, (max-width: 800px) 100vw, 800px\" \/><\/figure>\n\n\n\n<p>Concretada dicha medida, solicitar\u00e1 en audiencia de revisi\u00f3n que se le imponga una nueva medida de coerci\u00f3n personal hasta que se realice el juicio, es decir, que llegue al debate oral con prisi\u00f3n preventiva.<\/p>\n\n\n\n<p>Al imputado le hab\u00edan dictado prisi\u00f3n preventiva por el t\u00e9rmino de 60 d\u00edas por el delito de abuso sexual con acceso carnal agravado por el grave da\u00f1o a la salud. La medida de coerci\u00f3n venci\u00f3 el 7 de febrero.<\/p>\n\n\n\n<p>Tanto el acusado como la v\u00edctima viven en una localidad del Departamento Ayacucho, al norte de la Provincia. Los presuntos ataques sexuales fueron denunciados en noviembre del a\u00f1o pasado. La v\u00edctima tiene 12 a\u00f1os.<\/p>\n\n\n\n<p>\u201cEncontr\u00e1ndose el ciudadano B.M.A. en libertad y encontr\u00e1ndonos ante la inminente elevaci\u00f3n de la causa a juicio oral, se ha tomado conocimiento de sucesos y\/o hechos que a juicio de esta funcionaria imponen el nuevo dictado de una medida coercitiva personal a\u00fan ante la inmediata finalizaci\u00f3n del proceso penal\u201d, sostuvo la fiscal Palacios.<\/p>\n\n\n\n<p>La representante del Ministerio P\u00fablico Fiscal inform\u00f3 que \u201cse advierte por parte del imputado una clara intenci\u00f3n en cuanto a lograr el acercamiento respecto de la v\u00edctima y como as\u00ed tambi\u00e9n desplegar conductas cuyo inequ\u00edvoco sentido lo es en orden a corromper lo que constituye evidencia que luego ser\u00e1 valorada como prueba en debate oral a los efectos del dictado de una sentencia\u201d.<\/p>\n\n\n\n<p>Lo expresado por la fiscal se sustenta en la denuncia que realiz\u00f3 la semana pasada la madre de la v\u00edctima, y cu\u00f1ada del acusado, quien dijo ante sede policial que el imputado se present\u00f3 en la puerta de la escuela donde concurre su hija.<\/p>\n\n\n\n<p>La mujer ratific\u00f3 sus dichos en la Unidad de Gesti\u00f3n Fiscal y agreg\u00f3 que uno de los hermanos del imputado se hizo presente en su casa d\u00e1ndole un plazo para retirar la denuncia de lo contrario le pregunt\u00f3 qu\u00e9 har\u00edan sus hijos si ella fuera presa por falsa denuncia y\/o su marido perdiera su trabajo, ya que le manifestaban que su hija no hab\u00eda sido abusada.<\/p>\n\n\n\n<p>Adem\u00e1s, la Licenciada en Psicolog\u00eda que atiende a la v\u00edctima, realiz\u00f3 un Comunica Situaci\u00f3n donde inform\u00f3 \u201cla situaci\u00f3n de vulnerabilidad y posible riesgo en la que se encuentra la paciente\u201d, luego de que le relatara en la sesi\u00f3n del 29 de marzo pasado, que su t\u00edo se hace presente en lugares frecuentados por ella, como la escuela o negocios cercanos a su casa.<\/p>\n\n\n\n<p>\u201cEste Ministerio P\u00fablico Fiscal en cabeza de la suscripta entiende que, sin perjuicio de las consideraciones precedentes, se antepone la urgencia en preservar a la ni\u00f1a victima que reside en la misma ciudad de su agresor y que se encuentra al acecho del mismo con todas las consecuencias de lo que ello se puede derivar\u201d, dice uno de los p\u00e1rrafos de la orden de detenci\u00f3n redactada por la Fiscal Palacios.<\/p>\n\n\n\n<p>Y agreg\u00f3: \u201cante todo se trata preservar al ni\u00f1o vulnerable; ello se deriva asimismo del inter\u00e9s superior que se ve seriamente puesto en riesgo con motivo de las conductas denunciadas\u201d.<\/p>\n","protected":false},"excerpt":{"rendered":"<p>La Fiscal de Juicio Virginia Palacios Gonella, en su car\u00e1cter de Coordinadora de la Unidad de Gesti\u00f3n Fiscal, orden\u00f3 la inmediata detenci\u00f3n de un hombre investigado por el presunto delito de abuso sexual en perjuicio de su sobrina.<\/p>\n","protected":false},"author":4,"featured_media":8680,"comment_status":"closed","ping_status":"closed","sticky":false,"template":"","format":"standard","meta":{"footnotes":""},"categories":[4],"tags":[],"class_list":["post-8679","post","type-post","status-publish","format-standard","has-post-thumbnail","hentry","category-la-provincia"],"_links":{"self":[{"href":"https:\/\/lavozpuntana.com\/index.php?rest_route=\/wp\/v2\/posts\/8679","targetHints":{"allow":["GET"]}}],"collection":[{"href":"https:\/\/lavozpuntana.com\/index.php?rest_route=\/wp\/v2\/posts"}],"about":[{"href":"https:\/\/lavozpuntana.com\/index.php?rest_route=\/wp\/v2\/types\/post"}],"author":[{"embeddable":true,"href":"https:\/\/lavozpuntana.com\/index.php?rest_route=\/wp\/v2\/users\/4"}],"replies":[{"embeddable":true,"href":"https:\/\/lavozpuntana.com\/index.php?rest_route=%2Fwp%2Fv2%2Fcomments&post=8679"}],"version-history":[{"count":1,"href":"https:\/\/lavozpuntana.com\/index.php?rest_route=\/wp\/v2\/posts\/8679\/revisions"}],"predecessor-version":[{"id":8681,"href":"https:\/\/lavozpuntana.com\/index.php?rest_route=\/wp\/v2\/posts\/8679\/revisions\/8681"}],"wp:featuredmedia":[{"embeddable":true,"href":"https:\/\/lavozpuntana.com\/index.php?rest_route=\/wp\/v2\/media\/8680"}],"wp:attachment":[{"href":"https:\/\/lavozpuntana.com\/index.php?rest_route=%2Fwp%2Fv2%2Fmedia&parent=8679"}],"wp:term":[{"taxonomy":"category","embeddable":true,"href":"https:\/\/lavozpuntana.com\/index.php?rest_route=%2Fwp%2Fv2%2Fcategories&post=8679"},{"taxonomy":"post_tag","embeddable":true,"href":"https:\/\/lavozpuntana.com\/index.php?rest_route=%2Fwp%2Fv2%2Ftags&post=8679"}],"curies":[{"name":"wp","href":"https:\/\/api.w.org\/{rel}","templated":true}]}}