{"id":8690,"date":"2023-04-06T12:56:14","date_gmt":"2023-04-06T15:56:14","guid":{"rendered":"https:\/\/lavozpuntana.com\/?p=8690"},"modified":"2023-04-06T12:56:15","modified_gmt":"2023-04-06T15:56:15","slug":"detectaron-dos-nuevos-casos-de-dengue-en-la-provincia","status":"publish","type":"post","link":"https:\/\/lavozpuntana.com\/?p=8690","title":{"rendered":"DETECTARON DOS NUEVOS CASOS DE DENGUE EN LA PROVINCIA"},"content":{"rendered":"\n<p><strong>El Laboratorio de Salud P\u00fablica del Ministerio de Salud confirm\u00f3 que se trata de un caso importado, con antecedente de viaje a Buenos Aires y otro aut\u00f3ctono sin antecedente de viaje, pero familiar del paciente que viaj\u00f3 a M\u00e9xico.<\/strong><\/p>\n\n\n\n<figure class=\"wp-block-image size-large\"><img loading=\"lazy\" decoding=\"async\" width=\"849\" height=\"517\" src=\"http:\/\/lavozpuntana.com\/wp-content\/uploads\/2023\/04\/dengue-min.png\" alt=\"\" class=\"wp-image-8691\" srcset=\"https:\/\/lavozpuntana.com\/wp-content\/uploads\/2023\/04\/dengue-min.png 849w, https:\/\/lavozpuntana.com\/wp-content\/uploads\/2023\/04\/dengue-min-300x183.png 300w, https:\/\/lavozpuntana.com\/wp-content\/uploads\/2023\/04\/dengue-min-768x468.png 768w\" sizes=\"auto, (max-width: 849px) 100vw, 849px\" \/><\/figure>\n\n\n\n<p>La provincia suma 10 casos, 6 importados, 3 aut\u00f3ctonos con nexo probable y uno aut\u00f3ctono sin nexo epidemiol\u00f3gico (5 en San Luis y 5 en Villa Mercedes). Adem\u00e1s de un caso importado de Fiebre Chikungunya procedente de Paraguay, detectado en Villa Mercedes.<\/p>\n\n\n\n<p>Contin\u00faan en estudio 3 casos probables: uno con antecedente de viaje a Brasil, de San Luis; un antecedente de viaje a la provincia de C\u00f3rdoba, de Villa Mercedes y uno sin antecedente de viaje de San Luis.<\/p>\n","protected":false},"excerpt":{"rendered":"<p>El Laboratorio de Salud P\u00fablica del Ministerio de Salud confirm\u00f3 que se trata de un caso importado, con antecedente de viaje a Buenos Aires y otro aut\u00f3ctono sin antecedente de viaje, pero familiar del paciente que viaj\u00f3 a M\u00e9xico.<\/p>\n","protected":false},"author":4,"featured_media":8691,"comment_status":"closed","ping_status":"closed","sticky":false,"template":"","format":"standard","meta":{"footnotes":""},"categories":[4],"tags":[],"class_list":["post-8690","post","type-post","status-publish","format-standard","has-post-thumbnail","hentry","category-la-provincia"],"_links":{"self":[{"href":"https:\/\/lavozpuntana.com\/index.php?rest_route=\/wp\/v2\/posts\/8690","targetHints":{"allow":["GET"]}}],"collection":[{"href":"https:\/\/lavozpuntana.com\/index.php?rest_route=\/wp\/v2\/posts"}],"about":[{"href":"https:\/\/lavozpuntana.com\/index.php?rest_route=\/wp\/v2\/types\/post"}],"author":[{"embeddable":true,"href":"https:\/\/lavozpuntana.com\/index.php?rest_route=\/wp\/v2\/users\/4"}],"replies":[{"embeddable":true,"href":"https:\/\/lavozpuntana.com\/index.php?rest_route=%2Fwp%2Fv2%2Fcomments&post=8690"}],"version-history":[{"count":1,"href":"https:\/\/lavozpuntana.com\/index.php?rest_route=\/wp\/v2\/posts\/8690\/revisions"}],"predecessor-version":[{"id":8692,"href":"https:\/\/lavozpuntana.com\/index.php?rest_route=\/wp\/v2\/posts\/8690\/revisions\/8692"}],"wp:featuredmedia":[{"embeddable":true,"href":"https:\/\/lavozpuntana.com\/index.php?rest_route=\/wp\/v2\/media\/8691"}],"wp:attachment":[{"href":"https:\/\/lavozpuntana.com\/index.php?rest_route=%2Fwp%2Fv2%2Fmedia&parent=8690"}],"wp:term":[{"taxonomy":"category","embeddable":true,"href":"https:\/\/lavozpuntana.com\/index.php?rest_route=%2Fwp%2Fv2%2Fcategories&post=8690"},{"taxonomy":"post_tag","embeddable":true,"href":"https:\/\/lavozpuntana.com\/index.php?rest_route=%2Fwp%2Fv2%2Ftags&post=8690"}],"curies":[{"name":"wp","href":"https:\/\/api.w.org\/{rel}","templated":true}]}}