{"id":8712,"date":"2023-04-10T09:15:45","date_gmt":"2023-04-10T12:15:45","guid":{"rendered":"https:\/\/lavozpuntana.com\/?p=8712"},"modified":"2023-04-10T09:15:46","modified_gmt":"2023-04-10T12:15:46","slug":"la-afa-incluyo-al-estadio-unico-de-la-pedrera-entre-las-posibles-sedes-del-mundial-sub-20","status":"publish","type":"post","link":"https:\/\/lavozpuntana.com\/?p=8712","title":{"rendered":"LA AFA INCLUY\u00d3 AL ESTADIO \u00daNICO DE LA PEDRERA ENTRE LAS POSIBLES SEDES DEL MUNDIAL SUB-20"},"content":{"rendered":"\n<p><strong>La Asociaci\u00f3n del F\u00fatbol Argentino (AFA) elev\u00f3 este domingo la propuesta a la FIFA con las posibles sedes para el campeonato Mundial Sub-20 que se disputar\u00e1 del 20 de mayo al 11 de junio de este a\u00f1o.<\/strong><\/p>\n\n\n\n<figure class=\"wp-block-image size-large\"><img loading=\"lazy\" decoding=\"async\" width=\"1024\" height=\"631\" src=\"http:\/\/lavozpuntana.com\/wp-content\/uploads\/2023\/04\/20220712_152907_crop1657656410277.jpg_242310155-1024x631.jpg\" alt=\"\" class=\"wp-image-8713\" srcset=\"https:\/\/lavozpuntana.com\/wp-content\/uploads\/2023\/04\/20220712_152907_crop1657656410277.jpg_242310155-1024x631.jpg 1024w, https:\/\/lavozpuntana.com\/wp-content\/uploads\/2023\/04\/20220712_152907_crop1657656410277.jpg_242310155-300x185.jpg 300w, https:\/\/lavozpuntana.com\/wp-content\/uploads\/2023\/04\/20220712_152907_crop1657656410277.jpg_242310155-768x474.jpg 768w, https:\/\/lavozpuntana.com\/wp-content\/uploads\/2023\/04\/20220712_152907_crop1657656410277.jpg_242310155.jpg 1200w\" sizes=\"auto, (max-width: 1024px) 100vw, 1024px\" \/><\/figure>\n\n\n\n<p>Por el momento el m\u00e1ximo organismo del f\u00fatbol mundial no le otorg\u00f3 de manera oficial la organizaci\u00f3n del torneo a la Argentina, luego de quit\u00e1rsela a Indonesia por razones pol\u00edticas.<\/p>\n\n\n\n<p>Los estadios designados por AFA son el Ciudad de La Plata (fue proyectado para jugar la final); San Juan del Bicentenario; \u00danico Madre de Ciudades, de Santiago del Estero; \u00danico de La Pedrera de Villa Mercedes, San Luis; Padre Martearena, de Salta y Centenario, de Resistencia (propiedad de Sarmiento, de Chaco).<\/p>\n\n\n\n<p>En tanto que el sorteo, postergado hace 15 d\u00edas al ser inhabilitada la sede Indonesia, en principio se llevar\u00eda a cabo el viernes 21 de abril, un mes antes del comienzo del certamen.<\/p>\n\n\n\n<p>Claro que para eso quedan apenas 10 d\u00edas y en ese breve lapso la FIFA debe aprobar esas seis sedes en todas sus condiciones de infraestructura, que no solamente tienen que ver con los estadios en s\u00ed, sino tambi\u00e9n con los accesos a los mismos, la hoteler\u00eda existente en la zona de influencia y los campos de entrenamiento para las distintas delegaciones.<\/p>\n\n\n\n<p>Los 24 seleccionados participantes del Mundial son los de Argentina (volver\u00e1 a ser dirigido por Javier Mascherano), Brasil, Uruguay, Colombia y Ecuador (por Sudam\u00e9rica); Inglaterra, Francia, Italia, Israel y Eslovaquia (Europa); Corea del Sur, Jap\u00f3n, Uzbekist\u00e1n, Nueva Zelanda e Irak (Asia); Islas Fiji (Ocean\u00eda); Gambia, Senegal, T\u00fanez y Nigeria (\u00c1frica); Estados Unidos, Honduras, Guatemala y Rep\u00fablica Dominicana (Concacaf).<\/p>\n\n\n\n<p>Esos seis grupos contendr\u00e1n a cuatro seleccionados y los dos primeros de cada zona m\u00e1s los cuatro mejores terceros pasar\u00e1n a los octavos de final.<\/p>\n\n\n\n<p>Fuente: San Luis 24.<\/p>\n","protected":false},"excerpt":{"rendered":"<p>La Asociaci\u00f3n del F\u00fatbol Argentino (AFA) elev\u00f3 este domingo la propuesta a la FIFA con las posibles sedes para el campeonato Mundial Sub-20 que se disputar\u00e1 del 20 de mayo al 11 de junio de este a\u00f1o.<\/p>\n","protected":false},"author":4,"featured_media":8713,"comment_status":"closed","ping_status":"closed","sticky":false,"template":"","format":"standard","meta":{"footnotes":""},"categories":[327],"tags":[],"class_list":["post-8712","post","type-post","status-publish","format-standard","has-post-thumbnail","hentry","category-deportes"],"_links":{"self":[{"href":"https:\/\/lavozpuntana.com\/index.php?rest_route=\/wp\/v2\/posts\/8712","targetHints":{"allow":["GET"]}}],"collection":[{"href":"https:\/\/lavozpuntana.com\/index.php?rest_route=\/wp\/v2\/posts"}],"about":[{"href":"https:\/\/lavozpuntana.com\/index.php?rest_route=\/wp\/v2\/types\/post"}],"author":[{"embeddable":true,"href":"https:\/\/lavozpuntana.com\/index.php?rest_route=\/wp\/v2\/users\/4"}],"replies":[{"embeddable":true,"href":"https:\/\/lavozpuntana.com\/index.php?rest_route=%2Fwp%2Fv2%2Fcomments&post=8712"}],"version-history":[{"count":1,"href":"https:\/\/lavozpuntana.com\/index.php?rest_route=\/wp\/v2\/posts\/8712\/revisions"}],"predecessor-version":[{"id":8714,"href":"https:\/\/lavozpuntana.com\/index.php?rest_route=\/wp\/v2\/posts\/8712\/revisions\/8714"}],"wp:featuredmedia":[{"embeddable":true,"href":"https:\/\/lavozpuntana.com\/index.php?rest_route=\/wp\/v2\/media\/8713"}],"wp:attachment":[{"href":"https:\/\/lavozpuntana.com\/index.php?rest_route=%2Fwp%2Fv2%2Fmedia&parent=8712"}],"wp:term":[{"taxonomy":"category","embeddable":true,"href":"https:\/\/lavozpuntana.com\/index.php?rest_route=%2Fwp%2Fv2%2Fcategories&post=8712"},{"taxonomy":"post_tag","embeddable":true,"href":"https:\/\/lavozpuntana.com\/index.php?rest_route=%2Fwp%2Fv2%2Ftags&post=8712"}],"curies":[{"name":"wp","href":"https:\/\/api.w.org\/{rel}","templated":true}]}}