{"id":8718,"date":"2023-04-11T00:32:23","date_gmt":"2023-04-11T03:32:23","guid":{"rendered":"https:\/\/lavozpuntana.com\/?p=8718"},"modified":"2023-04-11T00:32:24","modified_gmt":"2023-04-11T03:32:24","slug":"crimen-de-diego-gatica-la-fiscalia-pidio-25-anos-de-prision-para-uno-de-los-acusados","status":"publish","type":"post","link":"https:\/\/lavozpuntana.com\/?p=8718","title":{"rendered":"CRIMEN DE DIEGO GATICA: LA FISCAL\u00cdA PIDI\u00d3 25 A\u00d1OS DE PRISI\u00d3N PARA UNO DE LOS ACUSADOS"},"content":{"rendered":"\n<p><strong>El juicio por el homicidio del polic\u00eda Diego Gatica est\u00e1 pr\u00f3ximo a iniciar. Este lunes comenz\u00f3 la audiencia de control de la acusaci\u00f3n, una instancia previa al debate oral, donde se discute la prueba que se va a producir durante la etapa del juicio, y se corrigen los vicios formales que pueda contener la acusaci\u00f3n fiscal. La Fiscal\u00eda hizo el pedido de penas para los acusados y solicit\u00f3 25 a\u00f1os de prisi\u00f3n para Lautaro Mauricio Cruz.<\/strong><\/p>\n\n\n\n<p>Este acto procesal se realiza ante el Juzgado de Garant\u00edas N\u00b0 3 de la Primera Circunscripci\u00f3n, a cargo de Marcos Flores Leyes, y continuar\u00e1 ma\u00f1ana a las 10 horas. Los acusados son Lautaro Cruz, Maycol Bustos, Alexis Cuello Mor\u00e1n, Enzo y Esteban Colombo, y Omar Ortiz.<\/p>\n\n\n\n<p>Como se mencion\u00f3 al principio de la nota, la pena que solicit\u00f3 Fiscal\u00eda para Cruz es de 25 a\u00f1os. Para Maycol Lautaro Bustos se pidieron 5 a\u00f1os de prisi\u00f3n y 8 a\u00f1os para Alexis Uriel Cuello por ser considerados part\u00edcipes secundarios. Se solicit\u00f3 una pena de 2 a\u00f1os para Enzo Colombo y Sebasti\u00e1n Ortiz por encubrimiento agravado y 10 meses para Esteban Isa\u00edas Colombo por desobediencia agravada.<\/p>\n\n\n\n<p>En ese marco, la titular de la Fiscal\u00eda de Instrucci\u00f3n N\u00b0 4 de la Primera Circunscripci\u00f3n, Mar\u00eda del Valle Dur\u00e1n, explic\u00f3 los hechos que se les atribuyen a cada uno de los seis imputados; ofreci\u00f3 las pruebas que consider\u00f3 pertinente para probar su acusaci\u00f3n y determin\u00f3 las distintas calificaciones legales con sus respectivas penas (que en esta parte del proceso se denomina pretensi\u00f3n punitiva provisoria).<\/p>\n\n\n\n<p>\u201cLuego de la transitar la investigaci\u00f3n penal preparatoria, se reuni\u00f3 evidencia y se lleg\u00f3 a la conclusi\u00f3n de que el 5 de septiembre de 2022 cerca de las 19 horas, Diego Gatica tom\u00f3 su bicicleta blanca marca Venzo y cuando transitaba por el corredor vial Eva Per\u00f3n, fue sorprendido por un grupo de masculinos, entre los que se encontraban menores de edad, quienes lo interceptaron, lo golpearon en la cabeza, cay\u00f3 al piso y le sustrajeron la bicicleta y sus zapatillas\u201d, describi\u00f3 Dur\u00e1n, quien estuvo acompa\u00f1ada por la fiscal adjunta Claudia Patricia Heit.<\/p>\n\n\n\n<p>La fiscal dijo que las personas que estaban en ese grupo eran T.L., M.A. y M.B. (los tres menores de edad), junto a Alexis Uriel Cuello Mor\u00e1n, Maycol Lautaro Bustos y Lautaro Mauricio Cruz.<\/p>\n\n\n\n<p>\u201cTenemos por probado que M.B. ten\u00eda una bicicleta que quer\u00eda vender. T.L. lo pone en contacto con Cruz, por lo que coordinan juntarse a las 18 horas del 5 de septiembre en la salida trasera del supermercado que ahora se llama Chango M\u00e1s. B. llega al lugar acompa\u00f1ado de su primo. Tambi\u00e9n estaban los adolescentes L. y Cuello Mor\u00e1n. Todo el grupo, seg\u00fan se constata en las c\u00e1maras de seguridad del lugar, se van caminando hasta el Puente Virgen de Luj\u00e1n\u201d, narr\u00f3 la fiscal.<\/p>\n\n\n\n<p>Dur\u00e1n dijo que all\u00ed comienzan a planear robos a los ciclistas que pasaban por el lugar. \u201cCuando advierten que viene un ciclista, en este caso era Diego Gatica, uno de los j\u00f3venes, Lautaro Cruz, toma la bicicleta que hab\u00eda llevado B. al lugar y hace un adem\u00e1n de tir\u00e1rsela a la v\u00edctima, con el objetivo de desestabilizar su circulaci\u00f3n. Luego, T.L. lanza una patada que Gatica logra esquivar y es finalmente M.A. quien le arroja una piedra a la cabeza de Gatica. Este impacto fractura su cr\u00e1neo y cae inconsciente al asfalto\u201d.<\/p>\n\n\n\n<p>De acuerdo al relato de la fiscal, Cruz abandona el lugar, A. y L. roban la bicicleta y las zapatillas y se van al Barrio Tibilleti donde esconden el rodado en la iglesia del barrio. B. y Mor\u00e1n los ayudan y luego corren a esconderse a sus domicilios. El 11 de septiembre, a causa de una falla multiorg\u00e1nica, Gatica fallece en el Hospital Ram\u00f3n Carrillo. Ten\u00eda 30 a\u00f1os.<\/p>\n\n\n\n<p>\u201cUno de los imputados, Ortiz, vecino del barrio Tibilletti, observa la situaci\u00f3n y luego toma la bicicleta de la iglesia con el objetivo de venderla. Pasa por la casa de Enzo Colombo y se la vende a $5.000. Cuando llega la polic\u00eda a esa vivienda se encontraba Esteban Colombo, quien al verlos se da a la fuga, desobedeciendo la voz de alto\u201d, sostuvo la fiscal.<\/p>\n\n\n\n<p>Los pedidos de pena<\/p>\n\n\n\n<p>Y agreg\u00f3: \u201cPor todos estos elementos, este Ministerio P\u00fablico tiene por acreditado la materialidad del hecho y la responsabilidad de los imputados\u201d. Por todo esto, para el primer imputado, Lautaro Mauricio Cruz, Dur\u00e1n solicit\u00f3 25 a\u00f1os de prisi\u00f3n por el delito de homicidio en ocasi\u00f3n de robo agravado por la participaci\u00f3n de menores.<\/p>\n\n\n\n<p>Con respecto a Maycol Lautaro Bustos y Alexis Uriel Cuello, la fiscal\u00eda los acus\u00f3 de part\u00edcipes secundarios del delito de homicidio en ocasi\u00f3n de robo y pidi\u00f3 5 a\u00f1os de prisi\u00f3n para el primero y 8 a\u00f1os para el segundo.<\/p>\n\n\n\n<p>Para Esteban Isa\u00edas Colombo solicit\u00f3 10 meses de prisi\u00f3n por desobediencia a la autoridad y para Enzo Colombo 2 a\u00f1os por ser autor de encubrimiento agravado. Tambi\u00e9n para Omar Sebasti\u00e1n Ortiz, la fiscal pidi\u00f3 la pena de 2 a\u00f1os porque entendi\u00f3 que su conducta se encuadra en el delito de encubrimiento agravado por \u00e1nimo de lucro.<\/p>\n\n\n\n<p>El abogado de la familia de la v\u00edctima, Marcelo Escudero Gauna, adhiri\u00f3 en su totalidad a los expresado por la Fiscal\u00eda.<\/p>\n\n\n\n<p>La palabra de la defensa de Lautaro Cruz<\/p>\n\n\n\n<p>La Defensora Oficial en lo Penal N\u00b0 3, Ximena B\u00e9rtoli, quien representa a Lautaro Cruz, se opuso a la acusaci\u00f3n del Ministerio Fiscal y sostuvo que las conclusiones arribadas contra su defendido son incompatibles.<\/p>\n\n\n\n<p>\u201cNo est\u00e1 acreditado que Cruz hubiera sido autor o hubiera participado en el hecho que se lo acusa. De las declaraciones de testigos y personas que estuvieron en el lugar surge la no participaci\u00f3n activa y hasta secundaria. Entendemos que las pruebas son insuficientes respecto a la responsabilidad de mi defendido\u201d, dijo B\u00e9rtoli.<\/p>\n\n\n\n<p>Y agreg\u00f3: \u201cAl d\u00eda de hoy no sabemos de donde surge el dato que Cruz hizo un adem\u00e1n de tirarle la bicicleta a Gatica. Ni los testigos ni los co-imputados lo mencionaron. De la declaraci\u00f3n de Bustos surge que nada de eso pas\u00f3, que solo estaba parado en el boulevar\u201d.<\/p>\n\n\n\n<p>En esta instancia de control de la acusaci\u00f3n, la defensa podr\u00e1 objetar la acusaci\u00f3n por defectos formales, para que sean aclarados o subsanados. En este sentido, la defensora solicit\u00f3 al juez de Garant\u00edas que inste a la Fiscal\u00eda a que aclare el grado de participaci\u00f3n de Cruz en el hecho y que realice un pedido de pena adecuado y razonable. Tambi\u00e9n peticion\u00f3 que se rechace el agravante del art\u00edculo N\u00b0 41 (\u201cCuando alguno de los delitos previstos en este C\u00f3digo sea cometido con la intervenci\u00f3n de menores de dieciocho a\u00f1os de edad, la escala penal correspondiente se incrementar\u00e1 en un tercio del m\u00ednimo y del m\u00e1ximo, respecto de los mayores que hubieren participado en el mismo\u201d).<\/p>\n\n\n\n<p>Las partes<\/p>\n\n\n\n<p>La audiencia continuar\u00e1 este martes a las 10 horas. El abogado Marcos Ju\u00e1rez representa a Maycol Bustos mientras que H\u00e9ctor Zavala Ag\u00fcero hace lo propio con el imputado Alexis Mor\u00e1n. En tanto, la defensora Penal N\u00b0 2 Nadia Ag\u00fandez representa a Omar Ortiz. Los hermanos Colombo son defendidos por Pascual Garc\u00eda y Alfredo Garro.<\/p>\n","protected":false},"excerpt":{"rendered":"<p>El juicio por el homicidio del polic\u00eda Diego Gatica est\u00e1 pr\u00f3ximo a iniciar. Este lunes comenz\u00f3 la audiencia de control de la acusaci\u00f3n, una instancia previa al debate oral, donde se discute la prueba que se va a producir durante la etapa del juicio, y se corrigen los vicios formales que pueda contener la acusaci\u00f3n fiscal. La Fiscal\u00eda hizo el pedido de penas para los acusados y solicit\u00f3 25 a\u00f1os de prisi\u00f3n para Lautaro Mauricio Cruz.<\/p>\n","protected":false},"author":4,"featured_media":8719,"comment_status":"closed","ping_status":"closed","sticky":false,"template":"","format":"standard","meta":{"footnotes":""},"categories":[4],"tags":[],"class_list":["post-8718","post","type-post","status-publish","format-standard","has-post-thumbnail","hentry","category-la-provincia"],"_links":{"self":[{"href":"https:\/\/lavozpuntana.com\/index.php?rest_route=\/wp\/v2\/posts\/8718","targetHints":{"allow":["GET"]}}],"collection":[{"href":"https:\/\/lavozpuntana.com\/index.php?rest_route=\/wp\/v2\/posts"}],"about":[{"href":"https:\/\/lavozpuntana.com\/index.php?rest_route=\/wp\/v2\/types\/post"}],"author":[{"embeddable":true,"href":"https:\/\/lavozpuntana.com\/index.php?rest_route=\/wp\/v2\/users\/4"}],"replies":[{"embeddable":true,"href":"https:\/\/lavozpuntana.com\/index.php?rest_route=%2Fwp%2Fv2%2Fcomments&post=8718"}],"version-history":[{"count":1,"href":"https:\/\/lavozpuntana.com\/index.php?rest_route=\/wp\/v2\/posts\/8718\/revisions"}],"predecessor-version":[{"id":8720,"href":"https:\/\/lavozpuntana.com\/index.php?rest_route=\/wp\/v2\/posts\/8718\/revisions\/8720"}],"wp:featuredmedia":[{"embeddable":true,"href":"https:\/\/lavozpuntana.com\/index.php?rest_route=\/wp\/v2\/media\/8719"}],"wp:attachment":[{"href":"https:\/\/lavozpuntana.com\/index.php?rest_route=%2Fwp%2Fv2%2Fmedia&parent=8718"}],"wp:term":[{"taxonomy":"category","embeddable":true,"href":"https:\/\/lavozpuntana.com\/index.php?rest_route=%2Fwp%2Fv2%2Fcategories&post=8718"},{"taxonomy":"post_tag","embeddable":true,"href":"https:\/\/lavozpuntana.com\/index.php?rest_route=%2Fwp%2Fv2%2Ftags&post=8718"}],"curies":[{"name":"wp","href":"https:\/\/api.w.org\/{rel}","templated":true}]}}