{"id":8753,"date":"2023-04-13T14:48:23","date_gmt":"2023-04-13T17:48:23","guid":{"rendered":"https:\/\/lavozpuntana.com\/?p=8753"},"modified":"2023-04-13T14:48:24","modified_gmt":"2023-04-13T17:48:24","slug":"el-banco-supervielle-no-brindara-atencion-al-cliente-este-jueves-y-viernes","status":"publish","type":"post","link":"https:\/\/lavozpuntana.com\/?p=8753","title":{"rendered":"EL BANCO SUPERVIELLE NO BRINDAR\u00c1 ATENCI\u00d3N AL CLIENTE ESTE JUEVES Y VIERNES"},"content":{"rendered":"\n<p><strong>Este paro de 48 horas se debe a que los bancarios reclaman el pago de un bono anual,\u00a0un premio a la\u00a0trayectoria y la incorporaci\u00f3n de m\u00e1s personal, entre otras demandas.<\/strong><\/p>\n\n\n\n<p>Los empleados del banco Supervielle ir\u00e1n a un paro por 48 horas, durante este jueves y viernes, para exigir el pago de un bono anual, un extra por trayectoria y por la incorporaci\u00f3n de m\u00e1s personal, entre otros reclamos. La medida de fuerza incluir\u00e1 a las sucursales de todo el pa\u00eds, incluida la de la provincia.<\/p>\n\n\n\n<p>El secretario de la Asociaci\u00f3n Bancaria de San Luis, Hugo Ojeda, indic\u00f3 que la acci\u00f3n gremial paralizar\u00e1 a todos los servicios y sectores de la entidad, con excepci\u00f3n de los medios virtuales y electr\u00f3nicos.<\/p>\n\n\n\n<p>\u00abA partir de este mi\u00e9rcoles a las 16 venci\u00f3 la conciliaci\u00f3n obligatoria dictada por el Ministerio de Trabajo de la Naci\u00f3n en coincidencia con una nueva reuni\u00f3n con las autoridades del banco, que una vez m\u00e1s se volvieron a negar al cumplimiento de todos los reclamos\u00bb, afirm\u00f3 Ojeda, quien indic\u00f3 que el conflicto inici\u00f3 en noviembre y tras 12 audiencias en la cartera nacional, a\u00fan no encuentran respuestas favorables a las demandas.<\/p>\n\n\n\n<p>Los empleados de la entidad retomar\u00e1n sus actividades laborales reci\u00e9n el lunes, mientras que el martes est\u00e1 prevista otra reuni\u00f3n con la patronal para continuar con las negociaciones.<\/p>\n\n\n\n<p>\u00abLa realidad es que el banco est\u00e1 totalmente negado y no ha tra\u00eddo ning\u00fan tipo de soluci\u00f3n para los trabajadores.&nbsp;No quiere pagar el bono correspondiente a este a\u00f1o y tampoco el premio a la trayectoria, que deber\u00edan haberlo saldado en enero\u00bb, sostuvo Ojeda, quien agreg\u00f3 que la situaci\u00f3n podr\u00eda agravarse debido a que el Supervielle \u00abest\u00e1 vulnerando derechos adquiridos hace a\u00f1os y que no est\u00e1n siendo respetados\u00bb.<\/p>\n","protected":false},"excerpt":{"rendered":"<p>Este paro de 48 horas se debe a que los bancarios reclaman el pago de un bono anual, un premio a la trayectoria y la incorporaci\u00f3n de m\u00e1s personal, entre otras demandas.<\/p>\n","protected":false},"author":4,"featured_media":8754,"comment_status":"closed","ping_status":"closed","sticky":false,"template":"","format":"standard","meta":{"footnotes":""},"categories":[4],"tags":[],"class_list":["post-8753","post","type-post","status-publish","format-standard","has-post-thumbnail","hentry","category-la-provincia"],"_links":{"self":[{"href":"https:\/\/lavozpuntana.com\/index.php?rest_route=\/wp\/v2\/posts\/8753","targetHints":{"allow":["GET"]}}],"collection":[{"href":"https:\/\/lavozpuntana.com\/index.php?rest_route=\/wp\/v2\/posts"}],"about":[{"href":"https:\/\/lavozpuntana.com\/index.php?rest_route=\/wp\/v2\/types\/post"}],"author":[{"embeddable":true,"href":"https:\/\/lavozpuntana.com\/index.php?rest_route=\/wp\/v2\/users\/4"}],"replies":[{"embeddable":true,"href":"https:\/\/lavozpuntana.com\/index.php?rest_route=%2Fwp%2Fv2%2Fcomments&post=8753"}],"version-history":[{"count":1,"href":"https:\/\/lavozpuntana.com\/index.php?rest_route=\/wp\/v2\/posts\/8753\/revisions"}],"predecessor-version":[{"id":8755,"href":"https:\/\/lavozpuntana.com\/index.php?rest_route=\/wp\/v2\/posts\/8753\/revisions\/8755"}],"wp:featuredmedia":[{"embeddable":true,"href":"https:\/\/lavozpuntana.com\/index.php?rest_route=\/wp\/v2\/media\/8754"}],"wp:attachment":[{"href":"https:\/\/lavozpuntana.com\/index.php?rest_route=%2Fwp%2Fv2%2Fmedia&parent=8753"}],"wp:term":[{"taxonomy":"category","embeddable":true,"href":"https:\/\/lavozpuntana.com\/index.php?rest_route=%2Fwp%2Fv2%2Fcategories&post=8753"},{"taxonomy":"post_tag","embeddable":true,"href":"https:\/\/lavozpuntana.com\/index.php?rest_route=%2Fwp%2Fv2%2Ftags&post=8753"}],"curies":[{"name":"wp","href":"https:\/\/api.w.org\/{rel}","templated":true}]}}