{"id":8884,"date":"2023-04-25T00:46:56","date_gmt":"2023-04-25T03:46:56","guid":{"rendered":"https:\/\/lavozpuntana.com\/?p=8884"},"modified":"2023-04-25T00:46:58","modified_gmt":"2023-04-25T03:46:58","slug":"san-luis-suma-mas-casos-de-dengue-y-acumula-32-infectados","status":"publish","type":"post","link":"https:\/\/lavozpuntana.com\/?p=8884","title":{"rendered":"SAN LUIS SUMA M\u00c1S CASOS DE DENGUE Y ACUMULA 32 INFECTADOS"},"content":{"rendered":"\n<p><strong>El Ministerio de Salud comunic\u00f3 que se detectaron 3 nuevos casos de dengue y totaliza 32 infectados durante las \u00faltimas semanas. Sobre los nuevos casos, \u201cuno en Naschel (Importado, de Serotipo DEN-2, con antecedente de viaje a Salta) y 2 aut\u00f3ctonos (uno de Serotipo DEN-1, y otro sin posibilidad de identificaci\u00f3n de Serotipo por el tiempo de evoluci\u00f3n), ambos de Villa Mercedes\u201d, informaron desde la cartera sanitaria.<\/strong><\/p>\n\n\n\n<figure class=\"wp-block-image size-large\"><img loading=\"lazy\" decoding=\"async\" width=\"550\" height=\"344\" src=\"http:\/\/lavozpuntana.com\/wp-content\/uploads\/2023\/04\/mosquito-dengue.jpg\" alt=\"\" class=\"wp-image-8885\" srcset=\"https:\/\/lavozpuntana.com\/wp-content\/uploads\/2023\/04\/mosquito-dengue.jpg 550w, https:\/\/lavozpuntana.com\/wp-content\/uploads\/2023\/04\/mosquito-dengue-300x188.jpg 300w\" sizes=\"auto, (max-width: 550px) 100vw, 550px\" \/><\/figure>\n\n\n\n<p>La provincia suma 32 casos: 6 en San Luis, 24 en Villa Mercedes, 1 en Naschel y 1 con residencia en la provincia de C\u00f3rdoba, de los cuales 16 son importados y 16 aut\u00f3ctonos. Adem\u00e1s de 1 caso importado de Fiebre Chikungunya procedente de Paraguay, detectado en Villa Mercedes.<\/p>\n","protected":false},"excerpt":{"rendered":"<p>El Ministerio de Salud comunic\u00f3 que se detectaron 3 nuevos casos de dengue y totaliza 32 infectados durante las \u00faltimas semanas. Sobre los nuevos casos, \u201cuno en Naschel (Importado, de Serotipo DEN-2, con antecedente de viaje a Salta) y 2 aut\u00f3ctonos (uno de Serotipo DEN-1, y otro sin posibilidad de identificaci\u00f3n de Serotipo por el tiempo de evoluci\u00f3n), ambos de Villa Mercedes\u201d, informaron desde la cartera sanitaria.<\/p>\n","protected":false},"author":4,"featured_media":8885,"comment_status":"closed","ping_status":"closed","sticky":false,"template":"","format":"standard","meta":{"footnotes":""},"categories":[4],"tags":[],"class_list":["post-8884","post","type-post","status-publish","format-standard","has-post-thumbnail","hentry","category-la-provincia"],"_links":{"self":[{"href":"https:\/\/lavozpuntana.com\/index.php?rest_route=\/wp\/v2\/posts\/8884","targetHints":{"allow":["GET"]}}],"collection":[{"href":"https:\/\/lavozpuntana.com\/index.php?rest_route=\/wp\/v2\/posts"}],"about":[{"href":"https:\/\/lavozpuntana.com\/index.php?rest_route=\/wp\/v2\/types\/post"}],"author":[{"embeddable":true,"href":"https:\/\/lavozpuntana.com\/index.php?rest_route=\/wp\/v2\/users\/4"}],"replies":[{"embeddable":true,"href":"https:\/\/lavozpuntana.com\/index.php?rest_route=%2Fwp%2Fv2%2Fcomments&post=8884"}],"version-history":[{"count":1,"href":"https:\/\/lavozpuntana.com\/index.php?rest_route=\/wp\/v2\/posts\/8884\/revisions"}],"predecessor-version":[{"id":8886,"href":"https:\/\/lavozpuntana.com\/index.php?rest_route=\/wp\/v2\/posts\/8884\/revisions\/8886"}],"wp:featuredmedia":[{"embeddable":true,"href":"https:\/\/lavozpuntana.com\/index.php?rest_route=\/wp\/v2\/media\/8885"}],"wp:attachment":[{"href":"https:\/\/lavozpuntana.com\/index.php?rest_route=%2Fwp%2Fv2%2Fmedia&parent=8884"}],"wp:term":[{"taxonomy":"category","embeddable":true,"href":"https:\/\/lavozpuntana.com\/index.php?rest_route=%2Fwp%2Fv2%2Fcategories&post=8884"},{"taxonomy":"post_tag","embeddable":true,"href":"https:\/\/lavozpuntana.com\/index.php?rest_route=%2Fwp%2Fv2%2Ftags&post=8884"}],"curies":[{"name":"wp","href":"https:\/\/api.w.org\/{rel}","templated":true}]}}