{"id":8954,"date":"2023-05-03T00:08:20","date_gmt":"2023-05-03T03:08:20","guid":{"rendered":"https:\/\/lavozpuntana.com\/?p=8954"},"modified":"2023-06-21T19:49:49","modified_gmt":"2023-06-21T22:49:49","slug":"alberto-fernandez-dialogo-con-lula-sobre-inversiones-y-el-fortalecimiento-de-reservas","status":"publish","type":"post","link":"https:\/\/lavozpuntana.com\/?p=8954","title":{"rendered":"ALBERTO FERN\u00c1NDEZ DIALOG\u00d3 CON LULA SOBRE INVERSIONES Y EL FORTALECIMIENTO DE RESERVAS"},"content":{"rendered":"\n<p><strong>El presidente de Brasil, Luiz In\u00e1cio Lula da Silva, recibi\u00f3 este martes en el Palacio de la Alvorada a su par argentino, Alberto Fern\u00e1ndez. El encuentro tuvo como foco fomentar las inversiones de empresas extranjeras en la Argentina, adem\u00e1s de avanzar en mecanismos similares al swap con China que permitan fortalecer reservas del Banco Central.<\/strong><\/p>\n\n\n\n<figure class=\"wp-block-image size-large\"><img loading=\"lazy\" decoding=\"async\" width=\"1024\" height=\"683\" src=\"http:\/\/lavozpuntana.com\/wp-content\/uploads\/2023\/05\/lulaf-1536x1024-1-1024x683.jpg\" alt=\"\" class=\"wp-image-8955\" srcset=\"https:\/\/lavozpuntana.com\/wp-content\/uploads\/2023\/05\/lulaf-1536x1024-1-1024x683.jpg 1024w, https:\/\/lavozpuntana.com\/wp-content\/uploads\/2023\/05\/lulaf-1536x1024-1-300x200.jpg 300w, https:\/\/lavozpuntana.com\/wp-content\/uploads\/2023\/05\/lulaf-1536x1024-1-768x512.jpg 768w, https:\/\/lavozpuntana.com\/wp-content\/uploads\/2023\/05\/lulaf-1536x1024-1.jpg 1536w\" sizes=\"auto, (max-width: 1024px) 100vw, 1024px\" \/><\/figure>\n\n\n\n<p>Lula asegur\u00f3 que \u201cArgentina y Brasil juntos son m\u00e1s fuertes\u201d, al recibir en Brasilia a su par Alberto Fern\u00e1ndez para discutir estudios sobre la financiaci\u00f3n a las exportaciones brasile\u00f1as que puedan sortear el uso del d\u00f3lar.<\/p>\n\n\n\n<p>\u201cUna alegr\u00eda recibir al amigo Alberto Fern\u00e1ndez hoy en el Palacio de la Alvorada. Brasil y Argentina son hermanos y tendremos relaciones cada vez m\u00e1s pr\u00f3speras con uno de los mayores socios comerciales de nuestro pa\u00eds y de nuestra industria. Juntos somos m\u00e1s fuertes\u201d, asegur\u00f3 Lula en su cuenta de Twitter.<\/p>\n\n\n\n<p>El presidente Fern\u00e1ndez lleg\u00f3 a la residencia oficial ubicada al lado del Lago Parano\u00e1 en Brasilia con una comitiva para discutir con el gabinete de Lula una posible l\u00ednea de financiaci\u00f3n de los bancos p\u00fablicos brasile\u00f1os a sus exportadores y as\u00ed agilizar las ventas a la Argentina manteniendo el comercio en reales.<\/p>\n\n\n\n<p>El mecanismo funcionar\u00eda como un compensatorio en pesos y reales, sin el uso del d\u00f3lar. Esta posibilidad ser\u00eda conveniente tambi\u00e9n para Brasil para no perder en la importaci\u00f3n de insumos frente a otros pa\u00edses, como China.<\/p>\n\n\n\n<p>El presidente Fern\u00e1ndez cenar\u00e1 con Lula en el Palacio de la Alvorada y pasar\u00e1 la noche en el Hotel Meli\u00e1 21 de la capital brasile\u00f1a.<\/p>\n","protected":false},"excerpt":{"rendered":"<p>El presidente de Brasil, Luiz In\u00e1cio Lula da Silva, recibi\u00f3 este martes en el Palacio de la Alvorada a su par argentino, Alberto Fern\u00e1ndez. El encuentro tuvo como foco fomentar las inversiones de empresas extranjeras en la Argentina, adem\u00e1s de avanzar en mecanismos similares al swap con China que permitan fortalecer reservas del Banco Central.<\/p>\n","protected":false},"author":4,"featured_media":8955,"comment_status":"closed","ping_status":"closed","sticky":false,"template":"","format":"standard","meta":{"footnotes":""},"categories":[5],"tags":[],"class_list":["post-8954","post","type-post","status-publish","format-standard","has-post-thumbnail","hentry","category-el-pais"],"_links":{"self":[{"href":"https:\/\/lavozpuntana.com\/index.php?rest_route=\/wp\/v2\/posts\/8954","targetHints":{"allow":["GET"]}}],"collection":[{"href":"https:\/\/lavozpuntana.com\/index.php?rest_route=\/wp\/v2\/posts"}],"about":[{"href":"https:\/\/lavozpuntana.com\/index.php?rest_route=\/wp\/v2\/types\/post"}],"author":[{"embeddable":true,"href":"https:\/\/lavozpuntana.com\/index.php?rest_route=\/wp\/v2\/users\/4"}],"replies":[{"embeddable":true,"href":"https:\/\/lavozpuntana.com\/index.php?rest_route=%2Fwp%2Fv2%2Fcomments&post=8954"}],"version-history":[{"count":1,"href":"https:\/\/lavozpuntana.com\/index.php?rest_route=\/wp\/v2\/posts\/8954\/revisions"}],"predecessor-version":[{"id":8956,"href":"https:\/\/lavozpuntana.com\/index.php?rest_route=\/wp\/v2\/posts\/8954\/revisions\/8956"}],"wp:featuredmedia":[{"embeddable":true,"href":"https:\/\/lavozpuntana.com\/index.php?rest_route=\/wp\/v2\/media\/8955"}],"wp:attachment":[{"href":"https:\/\/lavozpuntana.com\/index.php?rest_route=%2Fwp%2Fv2%2Fmedia&parent=8954"}],"wp:term":[{"taxonomy":"category","embeddable":true,"href":"https:\/\/lavozpuntana.com\/index.php?rest_route=%2Fwp%2Fv2%2Fcategories&post=8954"},{"taxonomy":"post_tag","embeddable":true,"href":"https:\/\/lavozpuntana.com\/index.php?rest_route=%2Fwp%2Fv2%2Ftags&post=8954"}],"curies":[{"name":"wp","href":"https:\/\/api.w.org\/{rel}","templated":true}]}}