{"id":9054,"date":"2023-05-12T00:52:43","date_gmt":"2023-05-12T03:52:43","guid":{"rendered":"https:\/\/lavozpuntana.com\/?p=9054"},"modified":"2023-06-21T19:51:08","modified_gmt":"2023-06-21T22:51:08","slug":"rodriguez-saa-anuncio-aumento-del-5-y-prestamos-de-hasta-un-sueldo-para-empleados-publicos","status":"publish","type":"post","link":"https:\/\/lavozpuntana.com\/?p=9054","title":{"rendered":"RODR\u00cdGUEZ SA\u00c1 ANUNCI\u00d3 AUMENTO DEL 5% Y PR\u00c9STAMOS DE HASTA UN SUELDO PARA EMPLEADOS P\u00daBLICOS"},"content":{"rendered":"\n<p><strong>El gobernador anunci\u00f3 un aumento del 5%, que se suma al 10% ya anunciado para mayo. De este modo, el aumento salarial anunciado hasta el mes de julio de este a\u00f1o pasar\u00e1 del 40 al 45%. El Gobernador agreg\u00f3 que se va a seguir monitoreando la situaci\u00f3n salarial y \u201cactivando la cl\u00e1usula gatillo cada vez que sea necesario\u201d.<\/strong><\/p>\n\n\n\n<figure class=\"wp-block-image size-large\"><img loading=\"lazy\" decoding=\"async\" width=\"550\" height=\"367\" src=\"http:\/\/lavozpuntana.com\/wp-content\/uploads\/2023\/05\/alberto-5.jpg\" alt=\"\" class=\"wp-image-9055\" srcset=\"https:\/\/lavozpuntana.com\/wp-content\/uploads\/2023\/05\/alberto-5.jpg 550w, https:\/\/lavozpuntana.com\/wp-content\/uploads\/2023\/05\/alberto-5-300x200.jpg 300w\" sizes=\"auto, (max-width: 550px) 100vw, 550px\" \/><\/figure>\n\n\n\n<p>Junto a este aumento, Rodr\u00edguez Sa\u00e1 anunci\u00f3 pr\u00e9stamos blandos para empleados p\u00fablicos de hasta un sueldo, con 0% de inter\u00e9s, a devolver en 12 cuotas. Becarios de la Secretar\u00eda de Juventud y beneficiarios de Inclusi\u00f3n Social tambi\u00e9n podr\u00e1n acceder a estos cr\u00e9ditos, pero no los funcionarios de cada ministerio, tal cual se ha hecho en ocasiones anteriores.<\/p>\n\n\n\n<p>Otro anuncio en material salarial es un aumento del 21% de las asignaciones familiares, tambi\u00e9n en el mes de mayo.<\/p>\n\n\n\n<p>\u201cLa inflaci\u00f3n es un mal de gobiernos que no son muy buenos. El principal problema de la inflaci\u00f3n es el presupuesto del Estado Nacional\u201d, dijo Rodr\u00edguez Sa\u00e1, se\u00f1alando que se \u201chace un presupuesto con d\u00e9ficit\u201d, y que no esto ocurre con todas las gestiones a nivel nacional, no solo con la actual.<\/p>\n\n\n\n<p>Fuente: La Gaceta Digital.<\/p>\n","protected":false},"excerpt":{"rendered":"<p>El gobernador anunci\u00f3 un aumento del 5%, que se suma al 10% ya anunciado para mayo. De este modo, el aumento salarial anunciado hasta el mes de julio de este a\u00f1o pasar\u00e1 del 40 al 45%. El Gobernador agreg\u00f3 que se va a seguir monitoreando la situaci\u00f3n salarial y \u201cactivando la cl\u00e1usula gatillo cada vez que sea necesario\u201d.<\/p>\n","protected":false},"author":4,"featured_media":9055,"comment_status":"closed","ping_status":"closed","sticky":false,"template":"","format":"standard","meta":{"footnotes":""},"categories":[4],"tags":[],"class_list":["post-9054","post","type-post","status-publish","format-standard","has-post-thumbnail","hentry","category-la-provincia"],"_links":{"self":[{"href":"https:\/\/lavozpuntana.com\/index.php?rest_route=\/wp\/v2\/posts\/9054","targetHints":{"allow":["GET"]}}],"collection":[{"href":"https:\/\/lavozpuntana.com\/index.php?rest_route=\/wp\/v2\/posts"}],"about":[{"href":"https:\/\/lavozpuntana.com\/index.php?rest_route=\/wp\/v2\/types\/post"}],"author":[{"embeddable":true,"href":"https:\/\/lavozpuntana.com\/index.php?rest_route=\/wp\/v2\/users\/4"}],"replies":[{"embeddable":true,"href":"https:\/\/lavozpuntana.com\/index.php?rest_route=%2Fwp%2Fv2%2Fcomments&post=9054"}],"version-history":[{"count":1,"href":"https:\/\/lavozpuntana.com\/index.php?rest_route=\/wp\/v2\/posts\/9054\/revisions"}],"predecessor-version":[{"id":9056,"href":"https:\/\/lavozpuntana.com\/index.php?rest_route=\/wp\/v2\/posts\/9054\/revisions\/9056"}],"wp:featuredmedia":[{"embeddable":true,"href":"https:\/\/lavozpuntana.com\/index.php?rest_route=\/wp\/v2\/media\/9055"}],"wp:attachment":[{"href":"https:\/\/lavozpuntana.com\/index.php?rest_route=%2Fwp%2Fv2%2Fmedia&parent=9054"}],"wp:term":[{"taxonomy":"category","embeddable":true,"href":"https:\/\/lavozpuntana.com\/index.php?rest_route=%2Fwp%2Fv2%2Fcategories&post=9054"},{"taxonomy":"post_tag","embeddable":true,"href":"https:\/\/lavozpuntana.com\/index.php?rest_route=%2Fwp%2Fv2%2Ftags&post=9054"}],"curies":[{"name":"wp","href":"https:\/\/api.w.org\/{rel}","templated":true}]}}