{"id":9057,"date":"2023-05-15T14:19:09","date_gmt":"2023-05-15T17:19:09","guid":{"rendered":"https:\/\/lavozpuntana.com\/?p=9057"},"modified":"2023-06-21T19:51:08","modified_gmt":"2023-06-21T22:51:08","slug":"rodriguez-larreta-nuestro-mayor-compromiso-es-defender-el-bolsillo-de-los-argentinos","status":"publish","type":"post","link":"https:\/\/lavozpuntana.com\/?p=9057","title":{"rendered":"RODR\u00cdGUEZ LARRETA: \u201cNUESTRO MAYOR COMPROMISO ES DEFENDER EL BOLSILLO DE LOS ARGENTINOS\u201d"},"content":{"rendered":"\n<p><strong>El precandidato a presidente de Juntos por el Cambio, Horacio Rodr\u00edguez Larreta, present\u00f3 hoy las leyes de alivio econ\u00f3mico aprobadas en la Ciudad de Buenos Aires, entre las que se destacan incentivos impositivos para alquilar propiedades, la devoluci\u00f3n del impuesto a los Sellos a las tarjetas de cr\u00e9dito y la modificaci\u00f3n a la Ley Tarifaria para que 80 tr\u00e1mites pasen a ser gratuitos.<\/strong><\/p>\n\n\n\n<p>\u201cLa inflaci\u00f3n nos obliga todo el tiempo a decirle que no a las cosas que nos gustan. Y eso no es vida. No lo merecemos. Por eso, nuestro mayor compromiso en este contexto es defender el bolsillo de los argentinos, es llevarles alivio con medidas concretas para cuidar cada peso y que lo puedan usar para lo verdaderamente importante, que es su calidad de vida\u201d, remarc\u00f3 el Jefe de Gobierno.<\/p>\n\n\n\n<p>Tras el anuncio de las medidas de alivio econ\u00f3mico, Rodr\u00edguez Larreta contest\u00f3 preguntas de los periodistas. Consultado por los dichos del presidente, quien esta ma\u00f1ana sostuvo que \u201cla inflaci\u00f3n es un problema del peque\u00f1o comerciante\u2026\u201d, Larreta afirm\u00f3: \u201cNo te puedo creer que dijo eso. Es una falta de respeto a los argentinos que no pudieron pagar el alquiler ni la cuota de la prepaga.\u00a0 O el seguro de salud. No pudieron pagar la escuela ni tuvieron que cambiar de escuela a sus hijos. Esa es la realidad de los argentinos que nos est\u00e1n mirando. Qued\u00e9 anonadado, absorto de que el presidente haya dicho tama\u00f1a barbaridad. Es una falta de respeto\u201d.<\/p>\n\n\n\n<figure class=\"wp-block-video\"><video controls src=\"blob:https:\/\/lavozpuntana.com\/f8d10532-c8c2-46e3-82db-6d7347356149\"><\/video><\/figure>\n\n\n\n<p>Sobre la decisi\u00f3n de Juan Manzur de declinar la candidatura a vicegobernador tras el fallo de la Corte Suprema, Rodr\u00edguez Larreta sostuvo: \u201cTengo dos sensaciones distintas. Manzur hizo lo que siempre tendr\u00eda que haber hecho. No presentarse. Porque no pod\u00eda ni puede presentarse porque es anticonstitucional. Lo de Manzur y lo de U\u00f1ac est\u00e1 fuera de discusi\u00f3n. Segundo tema, es el ataque violento del presidente y de todo el oficialismo una vez m\u00e1s a la Corte.&nbsp; A m\u00ed como argentino me da verg\u00fcenza que un Presidente de la Naci\u00f3n, incluso creo que fue en cadena nacional, ataque a la Corte as\u00ed en forma en forma agresiva. Una cosa es que uno puede tener una opini\u00f3n diferente de un fallo y otra cosa es el ataque sistem\u00e1tico. Ya lo vimos con el fallo de la Ciudad de Buenos Aires\u2026 A m\u00ed como argentino, insisto, me da verg\u00fcenza.\u201d<\/p>\n\n\n\n<p>Sobre la posible manifestaci\u00f3n contra la Corte, y la intenci\u00f3n del gobernador Kicillof de desdoblar en la provincia de Buenos Aires, dijo: \u201cPrimero, que trabajen para la gente en lugar de pensar en armar manifestaciones\u2026 En la inflaci\u00f3n, por ejemplo, vamos a ver hoy un n\u00famero cercano a 8 por ciento mensual\u2026 es un drama. Que trabajen para eso, en mejorar la seguridad de todos los argentinos que hoy tienen miedo en salir a la calle. Ese es el foco del gobierno y no andar pele\u00e1ndose pol\u00edticamente. No voy a andar respondiendo a agresiones. Que el gobernador de San Juan cumpla con la Constituci\u00f3n en lugar de estar agrediendo a los porte\u00f1os en este caso.\u201d<\/p>\n\n\n\n<p>\u201cYo no creo en la violencia. Mi pelea est\u00e1 puesta en pelear contra la inflaci\u00f3n y la inseguridad\u201d, finaliz\u00f3.<\/p>\n","protected":false},"excerpt":{"rendered":"<p>El precandidato a presidente de Juntos por el Cambio, Horacio Rodr\u00edguez Larreta, present\u00f3 hoy las leyes de alivio econ\u00f3mico aprobadas en la Ciudad de Buenos Aires, entre las que se destacan incentivos impositivos para alquilar propiedades, la devoluci\u00f3n del impuesto a los Sellos a las tarjetas de cr\u00e9dito y la modificaci\u00f3n a la Ley Tarifaria para que 80 tr\u00e1mites pasen a ser gratuitos.<\/p>\n","protected":false},"author":4,"featured_media":8851,"comment_status":"closed","ping_status":"closed","sticky":false,"template":"","format":"standard","meta":{"footnotes":""},"categories":[5],"tags":[],"class_list":["post-9057","post","type-post","status-publish","format-standard","has-post-thumbnail","hentry","category-el-pais"],"_links":{"self":[{"href":"https:\/\/lavozpuntana.com\/index.php?rest_route=\/wp\/v2\/posts\/9057","targetHints":{"allow":["GET"]}}],"collection":[{"href":"https:\/\/lavozpuntana.com\/index.php?rest_route=\/wp\/v2\/posts"}],"about":[{"href":"https:\/\/lavozpuntana.com\/index.php?rest_route=\/wp\/v2\/types\/post"}],"author":[{"embeddable":true,"href":"https:\/\/lavozpuntana.com\/index.php?rest_route=\/wp\/v2\/users\/4"}],"replies":[{"embeddable":true,"href":"https:\/\/lavozpuntana.com\/index.php?rest_route=%2Fwp%2Fv2%2Fcomments&post=9057"}],"version-history":[{"count":1,"href":"https:\/\/lavozpuntana.com\/index.php?rest_route=\/wp\/v2\/posts\/9057\/revisions"}],"predecessor-version":[{"id":9058,"href":"https:\/\/lavozpuntana.com\/index.php?rest_route=\/wp\/v2\/posts\/9057\/revisions\/9058"}],"wp:featuredmedia":[{"embeddable":true,"href":"https:\/\/lavozpuntana.com\/index.php?rest_route=\/wp\/v2\/media\/8851"}],"wp:attachment":[{"href":"https:\/\/lavozpuntana.com\/index.php?rest_route=%2Fwp%2Fv2%2Fmedia&parent=9057"}],"wp:term":[{"taxonomy":"category","embeddable":true,"href":"https:\/\/lavozpuntana.com\/index.php?rest_route=%2Fwp%2Fv2%2Fcategories&post=9057"},{"taxonomy":"post_tag","embeddable":true,"href":"https:\/\/lavozpuntana.com\/index.php?rest_route=%2Fwp%2Fv2%2Ftags&post=9057"}],"curies":[{"name":"wp","href":"https:\/\/api.w.org\/{rel}","templated":true}]}}