{"id":9102,"date":"2023-05-17T01:54:08","date_gmt":"2023-05-17T04:54:08","guid":{"rendered":"https:\/\/lavozpuntana.com\/?p=9102"},"modified":"2023-06-21T19:51:08","modified_gmt":"2023-06-21T22:51:08","slug":"prision-perpetua-para-cristian-alaniz-por-el-femicidio-de-laura-godoy","status":"publish","type":"post","link":"https:\/\/lavozpuntana.com\/?p=9102","title":{"rendered":"PRISI\u00d3N PERPETUA PARA CRISTIAN ALAN\u00cdZ POR EL FEMICIDIO DE LAURA GODOY"},"content":{"rendered":"\n<p><strong>Este martes, Cristian Alex Alan\u00edz fue declarado culpable por el femicidio de Laura Godoy, hecho ocurrido en julio de 2021 en la localidad de Tilisarao.<\/strong><\/p>\n\n\n\n<figure class=\"wp-block-image size-large\"><img loading=\"lazy\" decoding=\"async\" width=\"1024\" height=\"649\" src=\"http:\/\/lavozpuntana.com\/wp-content\/uploads\/2023\/05\/WhatsApp-Image-2023-05-16-at-16.26.26-1-1024x649-1.jpeg\" alt=\"\" class=\"wp-image-9103\" srcset=\"https:\/\/lavozpuntana.com\/wp-content\/uploads\/2023\/05\/WhatsApp-Image-2023-05-16-at-16.26.26-1-1024x649-1.jpeg 1024w, https:\/\/lavozpuntana.com\/wp-content\/uploads\/2023\/05\/WhatsApp-Image-2023-05-16-at-16.26.26-1-1024x649-1-300x190.jpeg 300w, https:\/\/lavozpuntana.com\/wp-content\/uploads\/2023\/05\/WhatsApp-Image-2023-05-16-at-16.26.26-1-1024x649-1-768x487.jpeg 768w\" sizes=\"auto, (max-width: 1024px) 100vw, 1024px\" \/><\/figure>\n\n\n\n<p>Tras tres jornadas de debate, en las que prestaron declaraci\u00f3n m\u00e1s de 30 testigos y se exhibi\u00f3 el material de prueba reunido a lo largo de la investigaci\u00f3n; el tribunal integrado por Sandra Elizabeth Piguillem, Mar\u00eda Claudia Uccello y Jos\u00e9 Luis Flores, resolvi\u00f3 condenar al acusado a la pena de prisi\u00f3n perpetua, por considerarlo autor material y penalmente responsable del delito de homicidio doblemente calificado por la relaci\u00f3n de pareja y por mediar violencia de g\u00e9nero, en perjuicio de Laura Godoy.<\/p>\n","protected":false},"excerpt":{"rendered":"<p>Este martes, Cristian Alex Alan\u00edz fue declarado culpable por el femicidio de Laura Godoy, hecho ocurrido en julio de 2021 en la localidad de Tilisarao.<\/p>\n","protected":false},"author":4,"featured_media":9103,"comment_status":"closed","ping_status":"closed","sticky":false,"template":"","format":"standard","meta":{"footnotes":""},"categories":[4],"tags":[],"class_list":["post-9102","post","type-post","status-publish","format-standard","has-post-thumbnail","hentry","category-la-provincia"],"_links":{"self":[{"href":"https:\/\/lavozpuntana.com\/index.php?rest_route=\/wp\/v2\/posts\/9102","targetHints":{"allow":["GET"]}}],"collection":[{"href":"https:\/\/lavozpuntana.com\/index.php?rest_route=\/wp\/v2\/posts"}],"about":[{"href":"https:\/\/lavozpuntana.com\/index.php?rest_route=\/wp\/v2\/types\/post"}],"author":[{"embeddable":true,"href":"https:\/\/lavozpuntana.com\/index.php?rest_route=\/wp\/v2\/users\/4"}],"replies":[{"embeddable":true,"href":"https:\/\/lavozpuntana.com\/index.php?rest_route=%2Fwp%2Fv2%2Fcomments&post=9102"}],"version-history":[{"count":1,"href":"https:\/\/lavozpuntana.com\/index.php?rest_route=\/wp\/v2\/posts\/9102\/revisions"}],"predecessor-version":[{"id":9104,"href":"https:\/\/lavozpuntana.com\/index.php?rest_route=\/wp\/v2\/posts\/9102\/revisions\/9104"}],"wp:featuredmedia":[{"embeddable":true,"href":"https:\/\/lavozpuntana.com\/index.php?rest_route=\/wp\/v2\/media\/9103"}],"wp:attachment":[{"href":"https:\/\/lavozpuntana.com\/index.php?rest_route=%2Fwp%2Fv2%2Fmedia&parent=9102"}],"wp:term":[{"taxonomy":"category","embeddable":true,"href":"https:\/\/lavozpuntana.com\/index.php?rest_route=%2Fwp%2Fv2%2Fcategories&post=9102"},{"taxonomy":"post_tag","embeddable":true,"href":"https:\/\/lavozpuntana.com\/index.php?rest_route=%2Fwp%2Fv2%2Ftags&post=9102"}],"curies":[{"name":"wp","href":"https:\/\/api.w.org\/{rel}","templated":true}]}}