{"id":9111,"date":"2023-05-18T17:10:49","date_gmt":"2023-05-18T20:10:49","guid":{"rendered":"https:\/\/lavozpuntana.com\/?p=9111"},"modified":"2023-06-21T19:51:08","modified_gmt":"2023-06-21T22:51:08","slug":"un-barrio-de-la-ciudad-llevara-el-nombre-de-un-heroe-caido-en-malvinas","status":"publish","type":"post","link":"https:\/\/lavozpuntana.com\/?p=9111","title":{"rendered":"UN BARRIO DE LA CIUDAD LLEVAR\u00c1 EL NOMBRE DE UN H\u00c9ROE CA\u00cdDO EN MALVINAS"},"content":{"rendered":"\n<p><strong>Todos los a\u00f1os en que hay elecciones, la ya de por s\u00ed baja actividad legislativa de nuestros \u00f3rganos deliberativos se reduce a\u00fan m\u00e1s, y 2023 no es la excepci\u00f3n. De igual manera, la sesi\u00f3n de hoy en el Concejo Deliberante no fue tan terrible, con algunas declaraciones de inter\u00e9s mucho m\u00e1s destacables que las habituales.<\/strong><\/p>\n\n\n\n<figure class=\"wp-block-image size-large\"><img loading=\"lazy\" decoding=\"async\" width=\"550\" height=\"436\" src=\"http:\/\/lavozpuntana.com\/wp-content\/uploads\/2023\/05\/concejo-esclerosisi.jpg\" alt=\"\" class=\"wp-image-9112\" srcset=\"https:\/\/lavozpuntana.com\/wp-content\/uploads\/2023\/05\/concejo-esclerosisi.jpg 550w, https:\/\/lavozpuntana.com\/wp-content\/uploads\/2023\/05\/concejo-esclerosisi-300x238.jpg 300w\" sizes=\"auto, (max-width: 550px) 100vw, 550px\" \/><\/figure>\n\n\n\n<p>Una de ellas fue declarar de Inter\u00e9s Legislativo y Municipal las actividades a desarrollarse por motivo del \u201cD\u00eda Mundial de la Esclerosis M\u00faltiple\u201d, a celebrarse el \u00faltimo mi\u00e9rcoles del mes de mayo. Sobre este tema habl\u00f3 Yamila Bustos, una mujer que tiene esclerosis m\u00faltiple y pidi\u00f3 que las personas que padecen esta enfermedad autoinmune no sean tratadas como alguien con discapacidad.<\/p>\n\n\n\n<p>\u201cUna vez que nos ponen el sello de persona con discapacidad, somos una persona con discapacidad. Es una condici\u00f3n que est\u00e1 y va a estar toda la vida, pero basta de la persona con discapacidad. Es una persona, es Yamila, que tiene una condici\u00f3n\u201d, dijo Yamila, quien adem\u00e1s pidi\u00f3 el acompa\u00f1amiento del proyecto y que los edificios p\u00fablicos luzcan el color naranja durante el D\u00eda Mundial de la Esclerosis M\u00faltiple.<\/p>\n\n\n\n<p>Tambi\u00e9n se declar\u00f3, durante la sesi\u00f3n, ciudadano ilustre al reconocido m\u00e9dico Jos\u00e9 Roberto Carre\u00f1o, quien con sus 84 a\u00f1os estuvo presente en la sesi\u00f3n y agradeci\u00f3 el homenaje del Concejo Deliberante, recordando en particular la educaci\u00f3n que recibi\u00f3 de sus padres.<\/p>\n\n\n\n<p>Adem\u00e1s, este jueves se aprob\u00f3 que la primera sesi\u00f3n en los barrios de este a\u00f1o se llevar\u00e1 a cabo el pr\u00f3ximo 22 de junio. Habitualmente, para esta altura del a\u00f1o la primera sesi\u00f3n en los barrios ya se deber\u00eda haber realizado, pero con lo altamente politizadas que suelen ser, es entendible que no se haya querido hacer ninguna antes de las elecciones.<\/p>\n\n\n\n<p>Como cierre de la sesi\u00f3n, el barrio ubicado entre las calles Sucre, Arist\u00f3bulo del Valle, Sarmiento y el corredor vial Eva Per\u00f3n fue bautizado \u201cH\u00e9roe de Malvinas: Mario Esteban Frola\u201d, en base a un pedido, que data del a\u00f1o 2017, de vecinos de la zona y de las hermanas de este h\u00e9roe que muri\u00f3 en la guerra de Malvinas, con el hundimiento del ARA General Belgrano.<\/p>\n","protected":false},"excerpt":{"rendered":"<p>Todos los a\u00f1os en que hay elecciones, la ya de por s\u00ed baja actividad legislativa de nuestros \u00f3rganos deliberativos se reduce a\u00fan m\u00e1s, y 2023 no es la excepci\u00f3n. De igual manera, la sesi\u00f3n de hoy en el Concejo Deliberante no fue tan terrible, con algunas declaraciones de inter\u00e9s mucho m\u00e1s destacables que las habituales.<\/p>\n","protected":false},"author":4,"featured_media":9112,"comment_status":"closed","ping_status":"closed","sticky":false,"template":"","format":"standard","meta":{"footnotes":""},"categories":[4],"tags":[],"class_list":["post-9111","post","type-post","status-publish","format-standard","has-post-thumbnail","hentry","category-la-provincia"],"_links":{"self":[{"href":"https:\/\/lavozpuntana.com\/index.php?rest_route=\/wp\/v2\/posts\/9111","targetHints":{"allow":["GET"]}}],"collection":[{"href":"https:\/\/lavozpuntana.com\/index.php?rest_route=\/wp\/v2\/posts"}],"about":[{"href":"https:\/\/lavozpuntana.com\/index.php?rest_route=\/wp\/v2\/types\/post"}],"author":[{"embeddable":true,"href":"https:\/\/lavozpuntana.com\/index.php?rest_route=\/wp\/v2\/users\/4"}],"replies":[{"embeddable":true,"href":"https:\/\/lavozpuntana.com\/index.php?rest_route=%2Fwp%2Fv2%2Fcomments&post=9111"}],"version-history":[{"count":1,"href":"https:\/\/lavozpuntana.com\/index.php?rest_route=\/wp\/v2\/posts\/9111\/revisions"}],"predecessor-version":[{"id":9113,"href":"https:\/\/lavozpuntana.com\/index.php?rest_route=\/wp\/v2\/posts\/9111\/revisions\/9113"}],"wp:featuredmedia":[{"embeddable":true,"href":"https:\/\/lavozpuntana.com\/index.php?rest_route=\/wp\/v2\/media\/9112"}],"wp:attachment":[{"href":"https:\/\/lavozpuntana.com\/index.php?rest_route=%2Fwp%2Fv2%2Fmedia&parent=9111"}],"wp:term":[{"taxonomy":"category","embeddable":true,"href":"https:\/\/lavozpuntana.com\/index.php?rest_route=%2Fwp%2Fv2%2Fcategories&post=9111"},{"taxonomy":"post_tag","embeddable":true,"href":"https:\/\/lavozpuntana.com\/index.php?rest_route=%2Fwp%2Fv2%2Ftags&post=9111"}],"curies":[{"name":"wp","href":"https:\/\/api.w.org\/{rel}","templated":true}]}}