{"id":9194,"date":"2023-05-29T00:51:27","date_gmt":"2023-05-29T03:51:27","guid":{"rendered":"https:\/\/lavozpuntana.com\/?p=9194"},"modified":"2023-06-21T20:06:03","modified_gmt":"2023-06-21T23:06:03","slug":"merlo-encontraron-sin-vida-al-empleado-municipal-que-era-buscado-desde-el-jueves","status":"publish","type":"post","link":"https:\/\/lavozpuntana.com\/?p=9194","title":{"rendered":"MERLO: ENCONTRARON SIN VIDA AL EMPLEADO MUNICIPAL QUE ERA BUSCADO DESDE EL JUEVES"},"content":{"rendered":"\n<p><strong>Este domingo, la Unidad de Gesti\u00f3n Fiscal de la Tercera Circunscripci\u00f3n Judicial comunic\u00f3 el hallazgo sin vida de Diego Oviedo, el empleado municipal de la Villa de Merlo que estaba desaparecido desde el pasado jueves 25 de mayo.<\/strong><\/p>\n\n\n\n<figure class=\"wp-block-image size-large\"><img loading=\"lazy\" decoding=\"async\" width=\"550\" height=\"565\" src=\"http:\/\/lavozpuntana.com\/wp-content\/uploads\/2023\/05\/diego-oviedo.jpg\" alt=\"\" class=\"wp-image-9195\" srcset=\"https:\/\/lavozpuntana.com\/wp-content\/uploads\/2023\/05\/diego-oviedo.jpg 550w, https:\/\/lavozpuntana.com\/wp-content\/uploads\/2023\/05\/diego-oviedo-292x300.jpg 292w\" sizes=\"auto, (max-width: 550px) 100vw, 550px\" \/><\/figure>\n\n\n\n<p>Su cuerpo fue encontrado este domingo pasadas las 10:00 de la ma\u00f1ana, en el circuito Damiana Vega, por personal de la Divisi\u00f3n Canes. La b\u00fasqueda se centr\u00f3 en esa zona a partir del s\u00e1bado por la noche, luego de encontrar la moto de Oviedo en la llamada \u201cpista de descenso\u201d del referido circuito.<\/p>\n\n\n\n<p>Debido a las condiciones clim\u00e1ticas, se tomaron medidas de prevenci\u00f3n para resguardar el lugar y se realizaron tareas de rastrillaje y barrido con drones.<\/p>\n\n\n\n<p>El cuerpo del hombre de 42 a\u00f1os fue hallado colgando de un \u00e1rbol, con una soga en el cuello. El forense judicial realiz\u00f3 un primer examen, constatando que no presentaba signos de violencia. Ser\u00e1 trasladado a la Morgue Judicial con asiento en Concar\u00e1n para efectuar la correspondiente autopsia.<\/p>\n\n\n\n<p>De acuerdo a las primeras evidencias, se tratar\u00eda de un suicidio.<\/p>\n\n\n\n<p>Cabe recordar, que Diego Oviedo fue visto por \u00faltima vez el pasado jueves 25 de mayo, en horas de la ma\u00f1ana, a bordo de su motocicleta Zanella 150 C.C., de color negro. Su familia dio aviso de la desaparici\u00f3n ese mismo d\u00eda, y el viernes 26 radic\u00f3 la denuncia formal en sede policial.<\/p>\n\n\n\n<p>El operativo fue dirigido por las Fiscales Adjuntas, Silvina Ayel\u00e9n Arg\u00fcello y Sandra Aguirre; en colaboraci\u00f3n con el jefe de la Polic\u00eda de San Luis, comisario general Hern\u00e1n Soloa; el jefe de la Unidad Regional del Orden P\u00fablico N\u00b0III (UROPIII), comisario general Gustavo Fabi\u00e1n Ortiz; y el comisario Claudio Ortiz, a cargo del Departamento de Homicidios.<\/p>\n\n\n\n<p>A lo largo de los tres d\u00edas que dur\u00f3 la b\u00fasqueda, participaron efectivos de la Comisar\u00eda N\u00b042 y de la UROPIII; Divisi\u00f3n de Respuesta Inmediata Motorizada (DRIM) Merlo; Direcci\u00f3n General de Investigaciones; Departamento de Inteligencia Criminal; Divisi\u00f3n Criminal\u00edstica; COAR; Divisi\u00f3n Homicidios; Divisi\u00f3n Canes de Concar\u00e1n y San Luis; Secci\u00f3n Drones del Departamento de Inform\u00e1tica de San Luis; Bomberos de la Polic\u00eda de la Provincia; y Departamento de Delitos Complejos del Poder Judicial de San Luis.<\/p>\n","protected":false},"excerpt":{"rendered":"<p>Este domingo, la Unidad de Gesti\u00f3n Fiscal de la Tercera Circunscripci\u00f3n Judicial comunic\u00f3 el hallazgo sin vida de Diego Oviedo, el empleado municipal de la Villa de Merlo que estaba desaparecido desde el pasado jueves 25 de mayo.<\/p>\n","protected":false},"author":4,"featured_media":9195,"comment_status":"closed","ping_status":"closed","sticky":false,"template":"","format":"standard","meta":{"footnotes":""},"categories":[4],"tags":[],"class_list":["post-9194","post","type-post","status-publish","format-standard","has-post-thumbnail","hentry","category-la-provincia"],"_links":{"self":[{"href":"https:\/\/lavozpuntana.com\/index.php?rest_route=\/wp\/v2\/posts\/9194","targetHints":{"allow":["GET"]}}],"collection":[{"href":"https:\/\/lavozpuntana.com\/index.php?rest_route=\/wp\/v2\/posts"}],"about":[{"href":"https:\/\/lavozpuntana.com\/index.php?rest_route=\/wp\/v2\/types\/post"}],"author":[{"embeddable":true,"href":"https:\/\/lavozpuntana.com\/index.php?rest_route=\/wp\/v2\/users\/4"}],"replies":[{"embeddable":true,"href":"https:\/\/lavozpuntana.com\/index.php?rest_route=%2Fwp%2Fv2%2Fcomments&post=9194"}],"version-history":[{"count":1,"href":"https:\/\/lavozpuntana.com\/index.php?rest_route=\/wp\/v2\/posts\/9194\/revisions"}],"predecessor-version":[{"id":9196,"href":"https:\/\/lavozpuntana.com\/index.php?rest_route=\/wp\/v2\/posts\/9194\/revisions\/9196"}],"wp:featuredmedia":[{"embeddable":true,"href":"https:\/\/lavozpuntana.com\/index.php?rest_route=\/wp\/v2\/media\/9195"}],"wp:attachment":[{"href":"https:\/\/lavozpuntana.com\/index.php?rest_route=%2Fwp%2Fv2%2Fmedia&parent=9194"}],"wp:term":[{"taxonomy":"category","embeddable":true,"href":"https:\/\/lavozpuntana.com\/index.php?rest_route=%2Fwp%2Fv2%2Fcategories&post=9194"},{"taxonomy":"post_tag","embeddable":true,"href":"https:\/\/lavozpuntana.com\/index.php?rest_route=%2Fwp%2Fv2%2Ftags&post=9194"}],"curies":[{"name":"wp","href":"https:\/\/api.w.org\/{rel}","templated":true}]}}