{"id":9272,"date":"2023-06-02T00:40:41","date_gmt":"2023-06-02T03:40:41","guid":{"rendered":"https:\/\/lavozpuntana.com\/?p=9272"},"modified":"2023-06-21T20:05:26","modified_gmt":"2023-06-21T23:05:26","slug":"mas-de-31-400-estudiantes-de-toda-la-provincia-recibiran-computadoras-este-ano","status":"publish","type":"post","link":"https:\/\/lavozpuntana.com\/?p=9272","title":{"rendered":"M\u00c1S DE 31.400 ESTUDIANTES DE TODA LA PROVINCIA RECIBIR\u00c1N COMPUTADORAS ESTE A\u00d1O"},"content":{"rendered":"\n<p><strong>Este jueves, la ministra de Educaci\u00f3n, Eugenia Cantaloube, se reuni\u00f3 con su par de Naci\u00f3n, Jaime Perczyk, para anunciar la entrega de netbooks a estudiantes de nivel secundario de gesti\u00f3n estatal a trav\u00e9s del Programa Conectar Igualdad. Sumado a los dispositivos que entrega el Gobierno provincial, ser\u00e1n m\u00e1s de 31.412 estudiantes de toda la provincia que contar\u00e1n con una gran herramienta digital que mejorar\u00e1 la calidad educativa.<\/strong><\/p>\n\n\n\n<figure class=\"wp-block-image size-large\"><img loading=\"lazy\" decoding=\"async\" width=\"550\" height=\"366\" src=\"http:\/\/lavozpuntana.com\/wp-content\/uploads\/2023\/06\/compus2.jpg\" alt=\"\" class=\"wp-image-9273\" srcset=\"https:\/\/lavozpuntana.com\/wp-content\/uploads\/2023\/06\/compus2.jpg 550w, https:\/\/lavozpuntana.com\/wp-content\/uploads\/2023\/06\/compus2-300x200.jpg 300w\" sizes=\"auto, (max-width: 550px) 100vw, 550px\" \/><\/figure>\n\n\n\n<p>\u201cSan Luis es la primera provincia que va a alcanzar a todos sus alumnos con la pol\u00edtica de digitalizaci\u00f3n\u201d, as\u00ed lo afirm\u00f3 la ministra de Educaci\u00f3n, Eugenia Cantaloube, al finalizar la videoconferencia que mantuvo con el titular de la cartera nacional.<\/p>\n\n\n\n<p>\u201cTenemos una pol\u00edtica desde el 2007, llevamos herramientas digitales a la primaria. Este a\u00f1o, en conjunto con la ULP y el Ministerio de Ciencia y Tecnolog\u00eda, entregamos de 1\u00b0 grado a 1\u00b0 a\u00f1o. Esto nos permiti\u00f3 trabajar con Naci\u00f3n y logramos acordar la entrega de m\u00e1s dispositivos para abrazar a todos los estudiantes de la secundaria\u201d, coment\u00f3 la ministra.<\/p>\n\n\n\n<p>\u201cEsta medida surge a causa de un pedido del Consejo Provincial de Centros de Estudiantes, quienes nos pidieron como una herramienta necesaria, y nosotros, siguiendo las directrices del gobernador Alberto Rodr\u00edguez Sa\u00e1, trabajamos en pos de que la voz de los chicos sean el eje central de la educaci\u00f3n\u201d, mencion\u00f3 la funcionaria provincial.<\/p>\n\n\n\n<p>Con este nuevo aporte de Naci\u00f3n, m\u00e1s de 23 mil ni\u00f1os y adolescentes van a recibir sus netbooks de 2\u00ba a 7\u00ba a\u00f1o. El beneficio ser\u00e1 adem\u00e1s para los estudiantes de 3\u00ba a\u00f1os cuya entrega qued\u00f3 pendiente el a\u00f1o pasado; logrando as\u00ed abarcar, con lo cubierto en 1\u00b0 a\u00f1o, un total de m\u00e1s de 31 mil chicos de escuelas secundarias de gesti\u00f3n estatal.<\/p>\n\n\n\n<p>\u201cA m\u00ed me llena de gusto porque un logro de San Luis es un logro de Argentina. San Luis avanza much\u00edsimo y para nosotros es un orgullo, queremos mucho a San Luis, queremos mucho a nuestro pa\u00eds y queremos mucho a nuestros j\u00f3venes y a nuestras escuelas. Estamos muy emocionados de poder participar con ustedes\u201d, expres\u00f3 Jaime Perczyk luego de anunciar que se trata de la primera provincia argentina que logra una cobertura total de estudiantes de nivel obligatorio que accedieron a dispositivos digitales.<\/p>\n","protected":false},"excerpt":{"rendered":"<p>Este jueves, la ministra de Educaci\u00f3n, Eugenia Cantaloube, se reuni\u00f3 con su par de Naci\u00f3n, Jaime Perczyk, para anunciar la entrega de netbooks a estudiantes de nivel secundario de gesti\u00f3n estatal a trav\u00e9s del Programa Conectar Igualdad. Sumado a los dispositivos que entrega el Gobierno provincial, ser\u00e1n m\u00e1s de 31.412 estudiantes de toda la provincia que contar\u00e1n con una gran herramienta digital que mejorar\u00e1 la calidad educativa.<\/p>\n","protected":false},"author":4,"featured_media":9273,"comment_status":"closed","ping_status":"closed","sticky":false,"template":"","format":"standard","meta":{"footnotes":""},"categories":[4],"tags":[],"class_list":["post-9272","post","type-post","status-publish","format-standard","has-post-thumbnail","hentry","category-la-provincia"],"_links":{"self":[{"href":"https:\/\/lavozpuntana.com\/index.php?rest_route=\/wp\/v2\/posts\/9272","targetHints":{"allow":["GET"]}}],"collection":[{"href":"https:\/\/lavozpuntana.com\/index.php?rest_route=\/wp\/v2\/posts"}],"about":[{"href":"https:\/\/lavozpuntana.com\/index.php?rest_route=\/wp\/v2\/types\/post"}],"author":[{"embeddable":true,"href":"https:\/\/lavozpuntana.com\/index.php?rest_route=\/wp\/v2\/users\/4"}],"replies":[{"embeddable":true,"href":"https:\/\/lavozpuntana.com\/index.php?rest_route=%2Fwp%2Fv2%2Fcomments&post=9272"}],"version-history":[{"count":1,"href":"https:\/\/lavozpuntana.com\/index.php?rest_route=\/wp\/v2\/posts\/9272\/revisions"}],"predecessor-version":[{"id":9274,"href":"https:\/\/lavozpuntana.com\/index.php?rest_route=\/wp\/v2\/posts\/9272\/revisions\/9274"}],"wp:featuredmedia":[{"embeddable":true,"href":"https:\/\/lavozpuntana.com\/index.php?rest_route=\/wp\/v2\/media\/9273"}],"wp:attachment":[{"href":"https:\/\/lavozpuntana.com\/index.php?rest_route=%2Fwp%2Fv2%2Fmedia&parent=9272"}],"wp:term":[{"taxonomy":"category","embeddable":true,"href":"https:\/\/lavozpuntana.com\/index.php?rest_route=%2Fwp%2Fv2%2Fcategories&post=9272"},{"taxonomy":"post_tag","embeddable":true,"href":"https:\/\/lavozpuntana.com\/index.php?rest_route=%2Fwp%2Fv2%2Ftags&post=9272"}],"curies":[{"name":"wp","href":"https:\/\/api.w.org\/{rel}","templated":true}]}}