{"id":9397,"date":"2023-06-14T00:14:18","date_gmt":"2023-06-14T03:14:18","guid":{"rendered":"https:\/\/lavozpuntana.com\/?p=9397"},"modified":"2023-06-21T20:02:16","modified_gmt":"2023-06-21T23:02:16","slug":"el-presidente-alberto-fernandez-visita-san-luis-este-miercoles","status":"publish","type":"post","link":"https:\/\/lavozpuntana.com\/?p=9397","title":{"rendered":"EL PRESIDENTE ALBERTO FERN\u00c1NDEZ VISITA SAN LUIS ESTE MI\u00c9RCOLES"},"content":{"rendered":"\n<p><strong>El presidente de la Naci\u00f3n, Alberto Fern\u00e1ndez, llegar\u00e1 a San Luis este mi\u00e9rcoles para visitar obras que se realizan en la provincia puntana con fondos nacionales.<\/strong><\/p>\n\n\n\n<figure class=\"wp-block-image size-large\"><img loading=\"lazy\" decoding=\"async\" width=\"1024\" height=\"576\" src=\"http:\/\/lavozpuntana.com\/wp-content\/uploads\/2023\/06\/af-1024x576.jpg\" alt=\"\" class=\"wp-image-9398\" srcset=\"https:\/\/lavozpuntana.com\/wp-content\/uploads\/2023\/06\/af-1024x576.jpg 1024w, https:\/\/lavozpuntana.com\/wp-content\/uploads\/2023\/06\/af-300x169.jpg 300w, https:\/\/lavozpuntana.com\/wp-content\/uploads\/2023\/06\/af-768x432.jpg 768w, https:\/\/lavozpuntana.com\/wp-content\/uploads\/2023\/06\/af-800x450.jpg 800w, https:\/\/lavozpuntana.com\/wp-content\/uploads\/2023\/06\/af.jpg 1200w\" sizes=\"auto, (max-width: 1024px) 100vw, 1024px\" \/><\/figure>\n\n\n\n<p>De acuerdo a lo informado por Casa Rosada, Fern\u00e1ndez tendr\u00e1 una reuni\u00f3n con el gobernador Alberto Rodr\u00edguez Sa\u00e1, al mediod\u00eda, y luego recorrer\u00e1 obras en ejecuci\u00f3n.<\/p>\n\n\n\n<p>En la segunda actividad estar\u00e1 presente tambi\u00e9n el ministro de Obras P\u00fablicas del Gabinete Nacional, Gabriel Katopodis.<\/p>\n\n\n\n<p>Entre otras obras, los mandatarios observar\u00e1n el avance de la obra de la avenida de Circunvalaci\u00f3n y la Planta Potabilizadora Vientos del Portezuelo.<\/p>\n","protected":false},"excerpt":{"rendered":"<p>El presidente de la Naci\u00f3n, Alberto Fern\u00e1ndez, llegar\u00e1 a San Luis este mi\u00e9rcoles para visitar obras que se realizan en la provincia puntana con fondos nacionales.<\/p>\n","protected":false},"author":4,"featured_media":9398,"comment_status":"closed","ping_status":"closed","sticky":false,"template":"","format":"standard","meta":{"footnotes":""},"categories":[4],"tags":[],"class_list":["post-9397","post","type-post","status-publish","format-standard","has-post-thumbnail","hentry","category-la-provincia"],"_links":{"self":[{"href":"https:\/\/lavozpuntana.com\/index.php?rest_route=\/wp\/v2\/posts\/9397","targetHints":{"allow":["GET"]}}],"collection":[{"href":"https:\/\/lavozpuntana.com\/index.php?rest_route=\/wp\/v2\/posts"}],"about":[{"href":"https:\/\/lavozpuntana.com\/index.php?rest_route=\/wp\/v2\/types\/post"}],"author":[{"embeddable":true,"href":"https:\/\/lavozpuntana.com\/index.php?rest_route=\/wp\/v2\/users\/4"}],"replies":[{"embeddable":true,"href":"https:\/\/lavozpuntana.com\/index.php?rest_route=%2Fwp%2Fv2%2Fcomments&post=9397"}],"version-history":[{"count":1,"href":"https:\/\/lavozpuntana.com\/index.php?rest_route=\/wp\/v2\/posts\/9397\/revisions"}],"predecessor-version":[{"id":9399,"href":"https:\/\/lavozpuntana.com\/index.php?rest_route=\/wp\/v2\/posts\/9397\/revisions\/9399"}],"wp:featuredmedia":[{"embeddable":true,"href":"https:\/\/lavozpuntana.com\/index.php?rest_route=\/wp\/v2\/media\/9398"}],"wp:attachment":[{"href":"https:\/\/lavozpuntana.com\/index.php?rest_route=%2Fwp%2Fv2%2Fmedia&parent=9397"}],"wp:term":[{"taxonomy":"category","embeddable":true,"href":"https:\/\/lavozpuntana.com\/index.php?rest_route=%2Fwp%2Fv2%2Fcategories&post=9397"},{"taxonomy":"post_tag","embeddable":true,"href":"https:\/\/lavozpuntana.com\/index.php?rest_route=%2Fwp%2Fv2%2Ftags&post=9397"}],"curies":[{"name":"wp","href":"https:\/\/api.w.org\/{rel}","templated":true}]}}