{"id":9507,"date":"2023-06-27T00:43:42","date_gmt":"2023-06-27T03:43:42","guid":{"rendered":"https:\/\/lavozpuntana.com\/?p=9507"},"modified":"2023-06-27T00:43:45","modified_gmt":"2023-06-27T03:43:45","slug":"el-gobierno-nombra-indiscriminadamente-funcionarios-politicos-como-empleados-publicos","status":"publish","type":"post","link":"https:\/\/lavozpuntana.com\/?p=9507","title":{"rendered":"EL GOBIERNO NOMBRA INDISCRIMINADAMENTE FUNCIONARIOS POL\u00cdTICOS COMO EMPLEADOS P\u00daBLICOS"},"content":{"rendered":"\n<p><strong>La administraci\u00f3n de Alberto Rodr\u00edguez Sa\u00e1 pretende que sigan despu\u00e9s del 10 de diciembre en las capas del Estado al que est\u00e1 convirtiendo en una \u201cbolsa de trabajo\u201d para sus seguidores.<\/strong><\/p>\n\n\n\n<figure class=\"wp-block-image size-large\"><img loading=\"lazy\" decoding=\"async\" width=\"1024\" height=\"569\" src=\"http:\/\/lavozpuntana.com\/wp-content\/uploads\/2023\/06\/WhatsApp-Image-2022-08-25-at-11.14.44-AM-1024x569.jpeg\" alt=\"\" class=\"wp-image-9508\" srcset=\"https:\/\/lavozpuntana.com\/wp-content\/uploads\/2023\/06\/WhatsApp-Image-2022-08-25-at-11.14.44-AM-1024x569.jpeg 1024w, https:\/\/lavozpuntana.com\/wp-content\/uploads\/2023\/06\/WhatsApp-Image-2022-08-25-at-11.14.44-AM-300x167.jpeg 300w, https:\/\/lavozpuntana.com\/wp-content\/uploads\/2023\/06\/WhatsApp-Image-2022-08-25-at-11.14.44-AM-768x427.jpeg 768w, https:\/\/lavozpuntana.com\/wp-content\/uploads\/2023\/06\/WhatsApp-Image-2022-08-25-at-11.14.44-AM.jpeg 1280w\" sizes=\"auto, (max-width: 1024px) 100vw, 1024px\" \/><\/figure>\n\n\n\n<p>Esta medida, una de las pocas que avanza con extraordinaria celeridad despu\u00e9s del 11 de junio, configura una de las bombas de tiempo que pretende dejar Alberto Rodr\u00edguez Sa\u00e1 al futuro Gobierno de Claudio Poggi.<\/p>\n\n\n\n<p>En los ministerios y organismos con sede en Terrazas del Portezuelo y fuera de la Casa de Gobierno en las dos \u00faltimas semanas se armaron listas de funcionarios que cumplen con los requisitos de \u201cconfianza y leales\u201d y con el ADN \u201calbertista\u201d. La idea es que ellos permanezcan en el Estado como contratados despu\u00e9s del 10 de diciembre. Otros que retienen contratos ser\u00e1n recategorizados y\/o pasar\u00e1n a la planta permanente.<\/p>\n\n\n\n<p>La movida es un secreto a voces en los despachos y oficinas. El personal pol\u00edtico que forma parte del gabinete, de los organismos desconcentrados, entes, empresas estatales y asesores fuera de escala (ex funcionarios, ex legisladores, allegados al poder) tienen sueldos que arrancan en los casi $500 mil y van m\u00e1s all\u00e1 de $1 mill\u00f3n.<\/p>\n\n\n\n<p>Fuente: El Chorrillero.<\/p>\n","protected":false},"excerpt":{"rendered":"<p>La administraci\u00f3n de Alberto Rodr\u00edguez Sa\u00e1 pretende que sigan despu\u00e9s del 10 de diciembre en las capas del Estado al que est\u00e1 convirtiendo en una \u201cbolsa de trabajo\u201d para sus seguidores.<\/p>\n","protected":false},"author":4,"featured_media":9508,"comment_status":"closed","ping_status":"closed","sticky":false,"template":"","format":"standard","meta":{"footnotes":""},"categories":[4],"tags":[],"class_list":["post-9507","post","type-post","status-publish","format-standard","has-post-thumbnail","hentry","category-la-provincia"],"_links":{"self":[{"href":"https:\/\/lavozpuntana.com\/index.php?rest_route=\/wp\/v2\/posts\/9507","targetHints":{"allow":["GET"]}}],"collection":[{"href":"https:\/\/lavozpuntana.com\/index.php?rest_route=\/wp\/v2\/posts"}],"about":[{"href":"https:\/\/lavozpuntana.com\/index.php?rest_route=\/wp\/v2\/types\/post"}],"author":[{"embeddable":true,"href":"https:\/\/lavozpuntana.com\/index.php?rest_route=\/wp\/v2\/users\/4"}],"replies":[{"embeddable":true,"href":"https:\/\/lavozpuntana.com\/index.php?rest_route=%2Fwp%2Fv2%2Fcomments&post=9507"}],"version-history":[{"count":1,"href":"https:\/\/lavozpuntana.com\/index.php?rest_route=\/wp\/v2\/posts\/9507\/revisions"}],"predecessor-version":[{"id":9509,"href":"https:\/\/lavozpuntana.com\/index.php?rest_route=\/wp\/v2\/posts\/9507\/revisions\/9509"}],"wp:featuredmedia":[{"embeddable":true,"href":"https:\/\/lavozpuntana.com\/index.php?rest_route=\/wp\/v2\/media\/9508"}],"wp:attachment":[{"href":"https:\/\/lavozpuntana.com\/index.php?rest_route=%2Fwp%2Fv2%2Fmedia&parent=9507"}],"wp:term":[{"taxonomy":"category","embeddable":true,"href":"https:\/\/lavozpuntana.com\/index.php?rest_route=%2Fwp%2Fv2%2Fcategories&post=9507"},{"taxonomy":"post_tag","embeddable":true,"href":"https:\/\/lavozpuntana.com\/index.php?rest_route=%2Fwp%2Fv2%2Ftags&post=9507"}],"curies":[{"name":"wp","href":"https:\/\/api.w.org\/{rel}","templated":true}]}}