{"id":9546,"date":"2023-06-30T00:17:56","date_gmt":"2023-06-30T03:17:56","guid":{"rendered":"https:\/\/lavozpuntana.com\/?p=9546"},"modified":"2023-06-30T00:19:33","modified_gmt":"2023-06-30T03:19:33","slug":"un-fotografo-de-san-luis-captura-imagenes-de-2-yaguarundi-en-un-camino-rural","status":"publish","type":"post","link":"https:\/\/lavozpuntana.com\/?p=9546","title":{"rendered":"UN FOT\u00d3GRAFO DE SAN LUIS CAPTURA IM\u00c1GENES DE 2 YAGUARUND\u00cd EN UN CAMINO RURAL"},"content":{"rendered":"\n<p><strong>Mart\u00edn Beneitez (@martin.btz), reconocido fot\u00f3grafo de naturaleza, vivi\u00f3 una experiencia emocionante mientras recorr\u00eda un camino rural entre Concar\u00e1n y Tilisarao. En medio de su trayecto, su atenci\u00f3n fue captada por una misteriosa silueta en el sendero, una presencia que despert\u00f3 su curiosidad y le hizo sentir que se encontraba frente a algo \u00fanico.<\/strong><\/p>\n\n\n\n<figure class=\"wp-block-image size-large\"><img loading=\"lazy\" decoding=\"async\" width=\"720\" height=\"720\" src=\"http:\/\/lavozpuntana.com\/wp-content\/uploads\/2023\/06\/356401726_648160174016737_8848665132498022542_n.jpg\" alt=\"\" class=\"wp-image-9547\" srcset=\"https:\/\/lavozpuntana.com\/wp-content\/uploads\/2023\/06\/356401726_648160174016737_8848665132498022542_n.jpg 720w, https:\/\/lavozpuntana.com\/wp-content\/uploads\/2023\/06\/356401726_648160174016737_8848665132498022542_n-300x300.jpg 300w, https:\/\/lavozpuntana.com\/wp-content\/uploads\/2023\/06\/356401726_648160174016737_8848665132498022542_n-150x150.jpg 150w\" sizes=\"auto, (max-width: 720px) 100vw, 720px\" \/><\/figure>\n\n\n\n<p>La figura en cuesti\u00f3n result\u00f3 ser un yaguarund\u00ed, un felino conocido por ser activo durante el d\u00eda. Aunque Mart\u00edn estaba emocionado por la oportunidad de fotografiar al escurridizo animal, capturar una imagen no ser\u00eda tarea f\u00e1cil. Con cautela y habilidad, se aproxim\u00f3 al lugar donde hab\u00eda avistado al yaguarund\u00ed y, para su asombro, no uno, sino dos ejemplares aparecieron frente a \u00e9l. Se trataba posiblemente de un cachorro junto a su madre, brind\u00e1ndole un vistazo privilegiado de estos hermosos animales.<\/p>\n\n\n\n<p>\u00abMientras la madre le daba espacio al cachorro para observar, me clav\u00f3 una mirada imposible de olvidar\u00bb, relat\u00f3 entusiasmado el experimentado fot\u00f3grafo. Martin, adem\u00e1s, aprovech\u00f3 su cuenta de Instagram para compartir su fascinante experiencia con sus seguidores. En su publicaci\u00f3n, no solo narr\u00f3 el emocionante encuentro, sino que tambi\u00e9n expres\u00f3 su preocupaci\u00f3n por la p\u00e9rdida de h\u00e1bitat como la principal amenaza que enfrentan los yaguarund\u00edes y otros felinos. La competencia por territorio se ha convertido en un factor crucial que afecta su distribuci\u00f3n y supervivencia.<\/p>\n\n\n\n<p>Las im\u00e1genes capturadas por Mart\u00edn Beneitez son verdaderamente invaluables y destacan como un testimonio del encuentro excepcional que tuvo lugar en el camino rural de Concar\u00e1n. Estas fotograf\u00edas nos recuerdan la importancia de conservar los h\u00e1bitats naturales de estas especies fascinantes, garantizando as\u00ed un futuro prometedor para los yaguarund\u00edes y todos los felinos.<\/p>\n\n\n\n<figure class=\"wp-block-image size-large\"><img loading=\"lazy\" decoding=\"async\" width=\"418\" height=\"418\" src=\"https:\/\/lavozpuntana.com\/wp-content\/uploads\/2023\/06\/355882593_648160107350077_3503386544274524736_n.jpg\" alt=\"\" class=\"wp-image-9548\" srcset=\"https:\/\/lavozpuntana.com\/wp-content\/uploads\/2023\/06\/355882593_648160107350077_3503386544274524736_n.jpg 418w, https:\/\/lavozpuntana.com\/wp-content\/uploads\/2023\/06\/355882593_648160107350077_3503386544274524736_n-300x300.jpg 300w, https:\/\/lavozpuntana.com\/wp-content\/uploads\/2023\/06\/355882593_648160107350077_3503386544274524736_n-150x150.jpg 150w\" sizes=\"auto, (max-width: 418px) 100vw, 418px\" \/><\/figure>\n\n\n\n<p>Fuente: Naschel Noticias. <\/p>\n","protected":false},"excerpt":{"rendered":"<p>Mart\u00edn Beneitez (@martin.btz), reconocido fot\u00f3grafo de naturaleza, vivi\u00f3 una experiencia emocionante mientras recorr\u00eda un camino rural entre Concar\u00e1n y Tilisarao. En medio de su trayecto, su atenci\u00f3n fue captada por una misteriosa silueta en el sendero, una presencia que despert\u00f3 su curiosidad y le hizo sentir que se encontraba frente a algo \u00fanico.<\/p>\n","protected":false},"author":4,"featured_media":9547,"comment_status":"closed","ping_status":"closed","sticky":false,"template":"","format":"standard","meta":{"footnotes":""},"categories":[4],"tags":[],"class_list":["post-9546","post","type-post","status-publish","format-standard","has-post-thumbnail","hentry","category-la-provincia"],"_links":{"self":[{"href":"https:\/\/lavozpuntana.com\/index.php?rest_route=\/wp\/v2\/posts\/9546","targetHints":{"allow":["GET"]}}],"collection":[{"href":"https:\/\/lavozpuntana.com\/index.php?rest_route=\/wp\/v2\/posts"}],"about":[{"href":"https:\/\/lavozpuntana.com\/index.php?rest_route=\/wp\/v2\/types\/post"}],"author":[{"embeddable":true,"href":"https:\/\/lavozpuntana.com\/index.php?rest_route=\/wp\/v2\/users\/4"}],"replies":[{"embeddable":true,"href":"https:\/\/lavozpuntana.com\/index.php?rest_route=%2Fwp%2Fv2%2Fcomments&post=9546"}],"version-history":[{"count":2,"href":"https:\/\/lavozpuntana.com\/index.php?rest_route=\/wp\/v2\/posts\/9546\/revisions"}],"predecessor-version":[{"id":9551,"href":"https:\/\/lavozpuntana.com\/index.php?rest_route=\/wp\/v2\/posts\/9546\/revisions\/9551"}],"wp:featuredmedia":[{"embeddable":true,"href":"https:\/\/lavozpuntana.com\/index.php?rest_route=\/wp\/v2\/media\/9547"}],"wp:attachment":[{"href":"https:\/\/lavozpuntana.com\/index.php?rest_route=%2Fwp%2Fv2%2Fmedia&parent=9546"}],"wp:term":[{"taxonomy":"category","embeddable":true,"href":"https:\/\/lavozpuntana.com\/index.php?rest_route=%2Fwp%2Fv2%2Fcategories&post=9546"},{"taxonomy":"post_tag","embeddable":true,"href":"https:\/\/lavozpuntana.com\/index.php?rest_route=%2Fwp%2Fv2%2Ftags&post=9546"}],"curies":[{"name":"wp","href":"https:\/\/api.w.org\/{rel}","templated":true}]}}