{"id":9586,"date":"2023-07-03T23:42:37","date_gmt":"2023-07-04T02:42:37","guid":{"rendered":"https:\/\/lavozpuntana.com\/?p=9586"},"modified":"2023-07-03T23:42:39","modified_gmt":"2023-07-04T02:42:39","slug":"que-provincias-restan-votar-en-este-2023","status":"publish","type":"post","link":"https:\/\/lavozpuntana.com\/?p=9586","title":{"rendered":"\u00bfQU\u00c9 PROVINCIAS RESTAN VOTAR EN ESTE 2023?"},"content":{"rendered":"\n<p><strong>Tras las elecciones de este domingo en San Juan, son 16 las provincias que ya fueron a las urnas este a\u00f1o. Del total, 13 votaron gobernador, dos eligieron a los candidatos que competir\u00e1n por la gobernaci\u00f3n y una determin\u00f3 legisladores provinciales.<\/strong><\/p>\n\n\n\n<figure class=\"wp-block-image size-large\"><img loading=\"lazy\" decoding=\"async\" width=\"1004\" height=\"565\" src=\"http:\/\/lavozpuntana.com\/wp-content\/uploads\/2023\/06\/urnas.jpg\" alt=\"\" class=\"wp-image-9322\" srcset=\"https:\/\/lavozpuntana.com\/wp-content\/uploads\/2023\/06\/urnas.jpg 1004w, https:\/\/lavozpuntana.com\/wp-content\/uploads\/2023\/06\/urnas-300x169.jpg 300w, https:\/\/lavozpuntana.com\/wp-content\/uploads\/2023\/06\/urnas-768x432.jpg 768w, https:\/\/lavozpuntana.com\/wp-content\/uploads\/2023\/06\/urnas-800x450.jpg 800w\" sizes=\"auto, (max-width: 1004px) 100vw, 1004px\" \/><\/figure>\n\n\n\n<p>Desde abril, cuando se abri\u00f3 el calendario electoral, los oficialismos lograron retener el poder en la mayor\u00eda de los distritos. Pero la oposici\u00f3n dio el batacazo en tres provincias y cort\u00f3 con largas hegemon\u00edas.<\/p>\n\n\n\n<p>Qu\u00e9 provincias votaron hasta ahora<\/p>\n\n\n\n<p>\u2013 Neuqu\u00e9n: con el apoyo de la oposici\u00f3n, Rolando Figueroa le puso fin a m\u00e1s de 60 a\u00f1os de hegemon\u00eda del Movimiento Popular Neuquino, pero con un asterisco: es un dirigente surgido de aquel partido.<\/p>\n\n\n\n<p>\u2013 R\u00edo Negro: Alberto Weretilneck se impuso por amplio margen y volver\u00e1 a ocupar el cargo que desempe\u00f1\u00f3 entre 2012 y 2015, cuando qued\u00f3 a cargo del Ejecutivo por el asesinato del gobernador Carlos Soria.<\/p>\n\n\n\n<p>\u2013 Misiones: no hubo sorpresa en aquella provincia, donde Hugo Passalacqua, del Frente Renovador de la Concordia, gan\u00f3 con m\u00e1s del 60% de los votos.<\/p>\n\n\n\n<p>\u2013 Jujuy: el gobernador Gerardo Morales design\u00f3 a su ministro de Hacienda, Carlos Sadir, comoel candidato a sucederlo en el cargo. En las urnas, cosech\u00f3 casi el 50% de las adhesiones.<\/p>\n\n\n\n<p>\u2013 La Rioja: con una contundente victoria, Ricardo Quintela se convirti\u00f3 en el primer mandatario provincial en ser reelecto este 2023.<\/p>\n\n\n\n<p>\u2013 Tierra del Fuego: Gustavo Melella revalid\u00f3 su mandato con m\u00e1s del 65% de los votos. Pero la gran sorpresa de esta elecci\u00f3n la dio el segundo: el voto en blanco fue la alternativa al oficialismo m\u00e1s votada.<\/p>\n\n\n\n<p>\u2013 Salta: sin grandes sorpresas, Gustavo S\u00e1enz fue reelecto por amplio margen.<\/p>\n\n\n\n<p>\u2013 La Pampa: Sergio Ziliotto fue reelegido con el 47,6% de los votos, pero por un margen inferior al previsto.<\/p>\n\n\n\n<p>\u2013 Tucum\u00e1n: despu\u00e9s de que la Corte Suprema inhabilitara la candidatura a vicegobernador de Juan Manzur, la f\u00f3rmula Osvaldo Jaldo-Miguel Acevedo logr\u00f3 una c\u00f3moda victoria con m\u00e1s del 56% de los votos.<\/p>\n\n\n\n<p>\u2013 San Luis: con el respaldo de Juntos por el Cambio, Claudio Poggi logr\u00f3 desbancar a los Rodr\u00edguez Sa\u00e1 despu\u00e9s de 40 a\u00f1os en el poder.<\/p>\n\n\n\n<p>\u2013 Corrientes: en las Legislativas, el oficialismo encabezado por el radical Gustavo Vald\u00e9s obtuvo un importante triunfo. Alarm\u00f3, sin embargo, la baja participaci\u00f3n electoral (56%).<\/p>\n\n\n\n<p>\u2013 Mendoza (PASO): Alfredo Cornejo se consagr\u00f3 como el precandidato m\u00e1s votado en las PASO mendocinas despu\u00e9s de derrotar en la interna de JxC a Luis Petri, precandidato a vicepresidente de Patricia Bullrich. El oficialismo provincial tambi\u00e9n result\u00f3 la fuerza m\u00e1s votada.<\/p>\n\n\n\n<p>\u2013 Chaco (PASO): convulsionada por el femicidio de Cecilia Strzyzowski, Chaco fue a las urnas para elegir a los candidatos que competir\u00e1n en septiembre por la gobernaci\u00f3n. En ese marco, Jorge Capitanich fue el candidato m\u00e1s votado con el 36,4%. Pero al sumar los votos de sus precandidatos, Juntos por el Cambio obtuvo el primer lugar como la fuerza m\u00e1s votada (42,6%).<\/p>\n\n\n\n<p>\u2013 Formosa: Gildo Insfr\u00e1n accedi\u00f3 a su octavo mandato consecutivo despu\u00e9s de vencer con casi el 70% de los votos.<\/p>\n\n\n\n<p>\u2013 C\u00f3rdoba: en medio de denuncias y un lento recuento, y en una elecci\u00f3n envuelta en la discusi\u00f3n nacional por el fallido ingreso del gobernador Juan Schiaretti a Juntos por el Cambio, Mart\u00edn Llaryora logr\u00f3 una ajustada victoria ante Luis Juez, de JxC.<\/p>\n\n\n\n<p>\u2013 San Juan: al igual que en Tucum\u00e1n, la Corte Suprema intervino e inhabilit\u00f3 la candidatura a gobernador de Sergio U\u00f1ac. Ante esa resoluci\u00f3n, el gobernador, que intentaba acceder a un tercer mandato, design\u00f3 a su hermano como candidato dentro del lema San Juan por Todos, donde tambi\u00e9n se postulaba Jos\u00e9 Luis Gioja. El desenlace, sin embargo, fue diferente: Marcelo Orrego, de Juntos por el Cambio, se impuso con el 51% de los votos.<\/p>\n\n\n\n<p>Las pr\u00f3ximas elecciones<\/p>\n\n\n\n<p>En estos 40 d\u00edas que restan para las PASO nacionales, Santa Fe elegir\u00e1 candidatos a gobernador (el 16 de julio) y Chubut a sus nuevas autoridades (30 de julio). En tanto que en Provincia y Ciudad de Buenos Aires (ambas con PASO), y en Santa Cruz, se votar\u00e1n autoridades el mismo d\u00eda que las primarias para presidente.<\/p>\n\n\n\n<p>El calendario electoral seguir\u00e1 en septiembre. El 10, Santa Fe ir\u00e1 a las generales para elegir gobernador, y una semana despu\u00e9s, har\u00e1 lo propio Chaco. El 24, por otra parte, ser\u00e1 el turno de Mendoza.<\/p>\n\n\n\n<p>Entre R\u00edos y Catamarca completar\u00e1n el proceso electoral el 22 de octubre, mismo d\u00eda que las generales.<\/p>\n\n\n\n<p>Santiago del Estero y Catamarca, en tanto, eligieron gobernador en 2021.<\/p>\n\n\n\n<p>Fuente: Filo News<\/p>\n","protected":false},"excerpt":{"rendered":"<p>Tras las elecciones de este domingo en San Juan, son 16 las provincias que ya fueron a las urnas este a\u00f1o. Del total, 13 votaron gobernador, dos eligieron a los candidatos que competir\u00e1n por la gobernaci\u00f3n y una determin\u00f3 legisladores provinciales.<\/p>\n","protected":false},"author":4,"featured_media":9322,"comment_status":"closed","ping_status":"closed","sticky":false,"template":"","format":"standard","meta":{"footnotes":""},"categories":[5],"tags":[],"class_list":["post-9586","post","type-post","status-publish","format-standard","has-post-thumbnail","hentry","category-el-pais"],"_links":{"self":[{"href":"https:\/\/lavozpuntana.com\/index.php?rest_route=\/wp\/v2\/posts\/9586","targetHints":{"allow":["GET"]}}],"collection":[{"href":"https:\/\/lavozpuntana.com\/index.php?rest_route=\/wp\/v2\/posts"}],"about":[{"href":"https:\/\/lavozpuntana.com\/index.php?rest_route=\/wp\/v2\/types\/post"}],"author":[{"embeddable":true,"href":"https:\/\/lavozpuntana.com\/index.php?rest_route=\/wp\/v2\/users\/4"}],"replies":[{"embeddable":true,"href":"https:\/\/lavozpuntana.com\/index.php?rest_route=%2Fwp%2Fv2%2Fcomments&post=9586"}],"version-history":[{"count":1,"href":"https:\/\/lavozpuntana.com\/index.php?rest_route=\/wp\/v2\/posts\/9586\/revisions"}],"predecessor-version":[{"id":9587,"href":"https:\/\/lavozpuntana.com\/index.php?rest_route=\/wp\/v2\/posts\/9586\/revisions\/9587"}],"wp:featuredmedia":[{"embeddable":true,"href":"https:\/\/lavozpuntana.com\/index.php?rest_route=\/wp\/v2\/media\/9322"}],"wp:attachment":[{"href":"https:\/\/lavozpuntana.com\/index.php?rest_route=%2Fwp%2Fv2%2Fmedia&parent=9586"}],"wp:term":[{"taxonomy":"category","embeddable":true,"href":"https:\/\/lavozpuntana.com\/index.php?rest_route=%2Fwp%2Fv2%2Fcategories&post=9586"},{"taxonomy":"post_tag","embeddable":true,"href":"https:\/\/lavozpuntana.com\/index.php?rest_route=%2Fwp%2Fv2%2Ftags&post=9586"}],"curies":[{"name":"wp","href":"https:\/\/api.w.org\/{rel}","templated":true}]}}