{"id":9638,"date":"2023-07-10T15:59:02","date_gmt":"2023-07-10T18:59:02","guid":{"rendered":"https:\/\/lavozpuntana.com\/?p=9638"},"modified":"2023-07-10T15:59:04","modified_gmt":"2023-07-10T18:59:04","slug":"las-ventas-minoristas-descendieron-por-sexto-mes-consecutivo-en-junio","status":"publish","type":"post","link":"https:\/\/lavozpuntana.com\/?p=9638","title":{"rendered":"LAS VENTAS MINORISTAS DESCENDIERON POR SEXTO MES CONSECUTIVO EN JUNIO"},"content":{"rendered":"\n<p><strong>En el primer semestre del a\u00f1o acumularon una baja de 1,8% interanual en relaci\u00f3n al mismo per\u00edodo de 2022 y en la comparaci\u00f3n mensual, se vendi\u00f3 0,9% menos en junio respecto del mes previo.<\/strong><\/p>\n\n\n\n<figure class=\"wp-block-image size-large\"><img loading=\"lazy\" decoding=\"async\" width=\"1024\" height=\"575\" src=\"http:\/\/lavozpuntana.com\/wp-content\/uploads\/2023\/07\/iStock-517010420-1024x575.jpg\" alt=\"\" class=\"wp-image-9639\" srcset=\"https:\/\/lavozpuntana.com\/wp-content\/uploads\/2023\/07\/iStock-517010420-1024x575.jpg 1024w, https:\/\/lavozpuntana.com\/wp-content\/uploads\/2023\/07\/iStock-517010420-300x169.jpg 300w, https:\/\/lavozpuntana.com\/wp-content\/uploads\/2023\/07\/iStock-517010420-768x432.jpg 768w, https:\/\/lavozpuntana.com\/wp-content\/uploads\/2023\/07\/iStock-517010420-1536x863.jpg 1536w, https:\/\/lavozpuntana.com\/wp-content\/uploads\/2023\/07\/iStock-517010420-800x450.jpg 800w, https:\/\/lavozpuntana.com\/wp-content\/uploads\/2023\/07\/iStock-517010420.jpg 1920w\" sizes=\"auto, (max-width: 1024px) 100vw, 1024px\" \/><\/figure>\n\n\n\n<p>Las ventas en los comercios minoristas pymes registraron en junio una baja de 3,6% interanual, en su sexto descenso consecutivo, en la medici\u00f3n a precios constantes, de acuerdo con un relevamiento de la Confederaci\u00f3n Argentina de la Mediana Empresa (CAME).<\/p>\n\n\n\n<p>Adem\u00e1s, en el primer semestre del a\u00f1o acumularon una baja de 1,8% interanual en relaci\u00f3n al mismo per\u00edodo de 2022 y en la comparaci\u00f3n mensual, se vendi\u00f3 0,9% menos en junio respecto del mes previo, seg\u00fan surge del \u00cdndice de Ventas Minoristas Pymes de la entidad empresaria elaborado en base a un relevamiento mensual entre 1.241 comercios minoristas del pa\u00eds, realizado del 3 al 7 de julio.<\/p>\n\n\n\n<p>Desde CAME argumentaron que \u00abel mercado est\u00e1 ofreciendo pocas opciones de cuotas sin inter\u00e9s como otros tiempos, y eso frena compras de valores m\u00e1s elevados, que repercuten sobre todo en el sector indumentaria, perfumer\u00edas y electrodom\u00e9sticos\u00bb.<\/p>\n\n\n\n<p>Asimismo, explicaron que \u00abuna tendencia que en el comercio se viene observando, es el mayor peso de los servicios en la canasta de consumo, especialmente vinculados a ocio, recreaci\u00f3n, que le resta ventas a bienes\u00bb.<\/p>\n\n\n\n<p>Por sectores, seis de los siete rubros medidos tuvieron ca\u00eddas anuales en sus ventas durante el mes de junio y la mayor p\u00e9rdida tuvo lugar en Textil e Indumentaria (-9,6%) en tanto que el \u00fanico ramo en alza fue Farmacias (+3,9%), \u00abaunque con dificultades en la reposici\u00f3n de algunas drogas espec\u00edficas\u00bb, precisaron en el informe.<\/p>\n\n\n\n<p>En particular en el segmento de Alimentos y bebidas, el trabajo destac\u00f3 que las ventas se retrajeron 4,1% anual en junio, a precios constantes, y acumulan una ca\u00edda de 1,4% en el primer semestre del a\u00f1o, mientras que en la comparaci\u00f3n mensual, subieron 0,1%.<\/p>\n\n\n\n<p>El sector textil e indumentaria fue el m\u00e1s afectado, en donde las ventas bajaron 9,6% anual en junio y 1,6% mensual, por lo que \u00aben lo que va del a\u00f1o un desplome del 10% frente a igual periodo de 2022, en tanto que los comercios sostienen que hubo poca clientela activa en el mes y que los precios tuvieron un fuerte salto entre mayo y junio\u00bb, se\u00f1alaron desde CAME.<\/p>\n\n\n\n<p>Fuente: T\u00e9lam<\/p>\n","protected":false},"excerpt":{"rendered":"<p>En el primer semestre del a\u00f1o acumularon una baja de 1,8% interanual en relaci\u00f3n al mismo per\u00edodo de 2022 y en la comparaci\u00f3n mensual, se vendi\u00f3 0,9% menos en junio respecto del mes previo.<\/p>\n","protected":false},"author":4,"featured_media":9639,"comment_status":"closed","ping_status":"closed","sticky":false,"template":"","format":"standard","meta":{"footnotes":""},"categories":[4],"tags":[],"class_list":["post-9638","post","type-post","status-publish","format-standard","has-post-thumbnail","hentry","category-la-provincia"],"_links":{"self":[{"href":"https:\/\/lavozpuntana.com\/index.php?rest_route=\/wp\/v2\/posts\/9638","targetHints":{"allow":["GET"]}}],"collection":[{"href":"https:\/\/lavozpuntana.com\/index.php?rest_route=\/wp\/v2\/posts"}],"about":[{"href":"https:\/\/lavozpuntana.com\/index.php?rest_route=\/wp\/v2\/types\/post"}],"author":[{"embeddable":true,"href":"https:\/\/lavozpuntana.com\/index.php?rest_route=\/wp\/v2\/users\/4"}],"replies":[{"embeddable":true,"href":"https:\/\/lavozpuntana.com\/index.php?rest_route=%2Fwp%2Fv2%2Fcomments&post=9638"}],"version-history":[{"count":1,"href":"https:\/\/lavozpuntana.com\/index.php?rest_route=\/wp\/v2\/posts\/9638\/revisions"}],"predecessor-version":[{"id":9640,"href":"https:\/\/lavozpuntana.com\/index.php?rest_route=\/wp\/v2\/posts\/9638\/revisions\/9640"}],"wp:featuredmedia":[{"embeddable":true,"href":"https:\/\/lavozpuntana.com\/index.php?rest_route=\/wp\/v2\/media\/9639"}],"wp:attachment":[{"href":"https:\/\/lavozpuntana.com\/index.php?rest_route=%2Fwp%2Fv2%2Fmedia&parent=9638"}],"wp:term":[{"taxonomy":"category","embeddable":true,"href":"https:\/\/lavozpuntana.com\/index.php?rest_route=%2Fwp%2Fv2%2Fcategories&post=9638"},{"taxonomy":"post_tag","embeddable":true,"href":"https:\/\/lavozpuntana.com\/index.php?rest_route=%2Fwp%2Fv2%2Ftags&post=9638"}],"curies":[{"name":"wp","href":"https:\/\/api.w.org\/{rel}","templated":true}]}}