{"id":9708,"date":"2023-07-18T16:48:40","date_gmt":"2023-07-18T19:48:40","guid":{"rendered":"https:\/\/lavozpuntana.com\/?p=9708"},"modified":"2023-09-05T00:16:59","modified_gmt":"2023-09-05T03:16:59","slug":"sigue-la-agenda-turistica-de-vacaciones-de-invierno","status":"publish","type":"post","link":"https:\/\/lavozpuntana.com\/?p=9708","title":{"rendered":"SIGUE LA AGENDA TUR\u00cdSTICA DE VACACIONES DE INVIERNO"},"content":{"rendered":"\n<p><strong>Con diversas actividades gratuitas, la Secretar\u00eda de Turismo de la Provincia contin\u00faa con la agenda que se diagram\u00f3 para las vacaciones de invierno. Hay un amplio abanico de actividades gratuitas a desarrollarse en localidades como: Juana Koslay, Potrero de los Funes, Merlo, La Punta, La Carolina, Carpinter\u00eda, Los Molles, Luj\u00e1n, entre otros lugares tur\u00edsticos de San Luis.<\/strong><\/p>\n\n\n\n<figure class=\"wp-block-image size-large\"><img loading=\"lazy\" decoding=\"async\" width=\"550\" height=\"547\" src=\"http:\/\/lavozpuntana.com\/wp-content\/uploads\/2023\/07\/turismo-dique-cruzz-de-piedra.jpeg\" alt=\"\" class=\"wp-image-9709\" srcset=\"https:\/\/lavozpuntana.com\/wp-content\/uploads\/2023\/07\/turismo-dique-cruzz-de-piedra.jpeg 550w, https:\/\/lavozpuntana.com\/wp-content\/uploads\/2023\/07\/turismo-dique-cruzz-de-piedra-300x298.jpeg 300w, https:\/\/lavozpuntana.com\/wp-content\/uploads\/2023\/07\/turismo-dique-cruzz-de-piedra-150x150.jpeg 150w\" sizes=\"auto, (max-width: 550px) 100vw, 550px\" \/><\/figure>\n\n\n\n<p>La grilla est\u00e1 pensada para que todos sean parte de los eventos y actividades. Recorridos por parques, trekking, caminatas, astroturismo, visitas a la mina de oro, eventos recreativos y deportivos para todas las edades. Los interesados en participar de las actividades podr\u00e1n registrar su inscripci\u00f3n en las redes sociales de la Secretar\u00eda de Turismo.<\/p>\n\n\n\n<p>Agenda<\/p>\n\n\n\n<p>Martes 18<\/p>\n\n\n\n<p>\u2013 Astroturismo \u2013 Luj\u00e1n 20 h.<\/p>\n\n\n\n<p>\u2013 Casa de Te &amp;quot; Los I\u00f1aki&amp;quot; \u2013 Potrero de Los Funes.<\/p>\n\n\n\n<p>\u2013 Turismo Industrial: Visita a l\u00e1cteos La Alegr\u00eda \u2013 Concar\u00e1n 09:30 h.<\/p>\n\n\n\n<p>\u2013 Visita al Cabildo \u2013 Parque Patrio \u2013 Ciudad de La Punta.<\/p>\n\n\n\n<p>\u2013 Pista de Hielo \u2013 Parque de Las Naciones \u2013 Ciudad de San Luis.<\/p>\n\n\n\n<p>Mi\u00e9rcoles 19<\/p>\n\n\n\n<p>\u2013 Reserva Natural Mogotebayo \u2013 Villa de Merlo 14:30 h.<\/p>\n\n\n\n<p>\u2013 Visita al Cabildo \u2013 Parque Patrio \u2013 Ciudad de La Punta.<\/p>\n\n\n\n<p>\u2013 Pista de Hielo \u2013 Parque de Las Naciones \u2013 Ciudad de San Luis.<\/p>\n\n\n\n<p>Jueves 20<\/p>\n\n\n\n<p>\u2013 La Salagria \u2013 Potrero de Los Funes 12:00 h.<\/p>\n\n\n\n<p>\u2013 Parque A\u00e9reo ArVolar \u2013 Juana Koslay 12:00 h.<\/p>\n\n\n\n<p>\u2013 Visita a la Mina de Oro \u2013 La Carolina 11:45 h.<\/p>\n\n\n\n<p>\u2013 Reserva de Llamas Anturuca \u2013 La Carolina 15:00 h.<\/p>\n\n\n\n<p>\u2013 Casa de T\u00e9, Los Caminos del Te \u2013 Carpinter\u00eda \u2013 15:00 h.<\/p>\n\n\n\n<p>Viernes 21<\/p>\n\n\n\n<p>\u2013 Astroturismo \u2013 Los Molles 20:00 h.<\/p>\n\n\n\n<p>\u2013 Trekking Sierra de las Quijadas 10:00 h.<\/p>\n\n\n\n<p>\u2013 Palo Alto \u2013 Villa de Merlo 12:00 h.<\/p>\n\n\n\n<p>\u2013 Casa de Te Lunamakena \u2013 Potrero de Los Funes 17:30 h.<\/p>\n\n\n\n<p>S\u00e1bado 22<\/p>\n\n\n\n<p>\u2013 Visita a la Mina \u2013 La Carolina 11:45 h.<\/p>\n\n\n\n<p>\u2013 Reserva de Llamas Anturuca \u2013 La Carolina 15:00 h.<\/p>\n\n\n\n<p>\u2013 Parque A\u00e9reo ArVolar \u2013 Juana Koslay 12:00 h.<\/p>\n\n\n\n<p>\u2013 Senderismo Cuevas de Los Comechingones \u2013 Villa de Merlo 10:00 h.<\/p>\n\n\n\n<p>\u2013 Trekking Cerro de la Cruz \u2013 Juana Koslay 14:00 h.<\/p>\n\n\n\n<p>\u2013 Casa de Te Aguamansa \u2013 Potrero de Los Funes 17:30 h.<\/p>\n\n\n\n<p>Domingo 23<\/p>\n\n\n\n<p>\u2013 Palo Alto \u2013 Villa de Merlo 12:00 h.<\/p>\n\n\n\n<p>\u2013 Parque Tem\u00e1tico Yucat \u2013 Villa de Merlo 12:00 h.<\/p>\n\n\n\n<p>\u2013 Parque Tierra de Oro \u2013 Villa de Merlo 15:00 h.<\/p>\n\n\n\n<p>\u2013 Trekking Pe\u00f1\u00f3n Colorado \u2013 Villa de Merlo 14:30 h.<\/p>\n\n\n\n<p>\u2013 La Salagria \u2013 Potrero de Los Funes 12:00 h.<\/p>\n\n\n\n<p>Fuente: La Gaceta Digital.<\/p>\n","protected":false},"excerpt":{"rendered":"<p>Con diversas actividades gratuitas, la Secretar\u00eda de Turismo de la Provincia contin\u00faa con la agenda que se diagram\u00f3 para las vacaciones de invierno. Hay un amplio abanico de actividades gratuitas a desarrollarse en localidades como: Juana Koslay, Potrero de los Funes, Merlo, La Punta, La Carolina, Carpinter\u00eda, Los Molles, Luj\u00e1n, entre otros lugares tur\u00edsticos de San Luis.<\/p>\n","protected":false},"author":4,"featured_media":9709,"comment_status":"closed","ping_status":"closed","sticky":false,"template":"","format":"standard","meta":{"footnotes":""},"categories":[4],"tags":[],"class_list":["post-9708","post","type-post","status-publish","format-standard","has-post-thumbnail","hentry","category-la-provincia"],"_links":{"self":[{"href":"https:\/\/lavozpuntana.com\/index.php?rest_route=\/wp\/v2\/posts\/9708","targetHints":{"allow":["GET"]}}],"collection":[{"href":"https:\/\/lavozpuntana.com\/index.php?rest_route=\/wp\/v2\/posts"}],"about":[{"href":"https:\/\/lavozpuntana.com\/index.php?rest_route=\/wp\/v2\/types\/post"}],"author":[{"embeddable":true,"href":"https:\/\/lavozpuntana.com\/index.php?rest_route=\/wp\/v2\/users\/4"}],"replies":[{"embeddable":true,"href":"https:\/\/lavozpuntana.com\/index.php?rest_route=%2Fwp%2Fv2%2Fcomments&post=9708"}],"version-history":[{"count":1,"href":"https:\/\/lavozpuntana.com\/index.php?rest_route=\/wp\/v2\/posts\/9708\/revisions"}],"predecessor-version":[{"id":9710,"href":"https:\/\/lavozpuntana.com\/index.php?rest_route=\/wp\/v2\/posts\/9708\/revisions\/9710"}],"wp:featuredmedia":[{"embeddable":true,"href":"https:\/\/lavozpuntana.com\/index.php?rest_route=\/wp\/v2\/media\/9709"}],"wp:attachment":[{"href":"https:\/\/lavozpuntana.com\/index.php?rest_route=%2Fwp%2Fv2%2Fmedia&parent=9708"}],"wp:term":[{"taxonomy":"category","embeddable":true,"href":"https:\/\/lavozpuntana.com\/index.php?rest_route=%2Fwp%2Fv2%2Fcategories&post=9708"},{"taxonomy":"post_tag","embeddable":true,"href":"https:\/\/lavozpuntana.com\/index.php?rest_route=%2Fwp%2Fv2%2Ftags&post=9708"}],"curies":[{"name":"wp","href":"https:\/\/api.w.org\/{rel}","templated":true}]}}