{"id":9747,"date":"2023-07-21T14:47:51","date_gmt":"2023-07-21T17:47:51","guid":{"rendered":"https:\/\/lavozpuntana.com\/?p=9747"},"modified":"2023-09-05T00:19:37","modified_gmt":"2023-09-05T03:19:37","slug":"ate-pidio-un-aumento-salarial-del-50-para-los-empleados-municipales","status":"publish","type":"post","link":"https:\/\/lavozpuntana.com\/?p=9747","title":{"rendered":"ATE PIDI\u00d3 UN AUMENTO SALARIAL DEL 50% PARA LOS EMPLEADOS MUNICIPALES"},"content":{"rendered":"\n<p><strong>Integrantes de la Asociaci\u00f3n de Trabajadores del Estado (ATE) San Luis se reunieron este jueves por la tarde con autoridades de la Municipalidad de San Luis, incluido el intendente Sergio Tamayo, para pedir un aumento salarial del 50% para los empleados municipales.<\/strong><\/p>\n\n\n\n<p>Desde ATE informaron que consideran \u201cimportante acordar un aumento salarial hasta fin de a\u00f1o. Nuestro pedido de base o piso es de un 50%, pero creemos oportuno que este monto se revise permanentemente de acuerdo a la inflaci\u00f3n\u201d.<\/p>\n\n\n\n<p>Adem\u00e1s, solicitaron el pase a planta permanente de empleados con antig\u00fcedad, seg\u00fan establece el Estatuto Municipal, recategorizaciones, agregar el \u00edtem de presentismo, entrega de ropa de trabajo acorde a la estaci\u00f3n, reparaci\u00f3n y mantenimiento de veh\u00edculos, entre otros puntos que quieren est\u00e9n en agenda en los pr\u00f3ximos meses.<\/p>\n\n\n\n<p>Tras la reuni\u00f3n con el Ejecutivo Municipal \u201crecibimos como respuesta que en la primera quincena de agosto vamos a ser convocados para evaluar los avances, previo a los anuncios correspondientes\u201d, informaron desde el gremio.<\/p>\n","protected":false},"excerpt":{"rendered":"<p>Integrantes de la Asociaci\u00f3n de Trabajadores del Estado (ATE) San Luis se reunieron este jueves por la tarde con autoridades de la Municipalidad de San Luis, incluido el intendente Sergio Tamayo, para pedir un aumento salarial del 50% para los empleados municipales.<\/p>\n","protected":false},"author":4,"featured_media":9748,"comment_status":"closed","ping_status":"closed","sticky":false,"template":"","format":"standard","meta":{"footnotes":""},"categories":[4],"tags":[],"class_list":["post-9747","post","type-post","status-publish","format-standard","has-post-thumbnail","hentry","category-la-provincia"],"_links":{"self":[{"href":"https:\/\/lavozpuntana.com\/index.php?rest_route=\/wp\/v2\/posts\/9747","targetHints":{"allow":["GET"]}}],"collection":[{"href":"https:\/\/lavozpuntana.com\/index.php?rest_route=\/wp\/v2\/posts"}],"about":[{"href":"https:\/\/lavozpuntana.com\/index.php?rest_route=\/wp\/v2\/types\/post"}],"author":[{"embeddable":true,"href":"https:\/\/lavozpuntana.com\/index.php?rest_route=\/wp\/v2\/users\/4"}],"replies":[{"embeddable":true,"href":"https:\/\/lavozpuntana.com\/index.php?rest_route=%2Fwp%2Fv2%2Fcomments&post=9747"}],"version-history":[{"count":1,"href":"https:\/\/lavozpuntana.com\/index.php?rest_route=\/wp\/v2\/posts\/9747\/revisions"}],"predecessor-version":[{"id":9749,"href":"https:\/\/lavozpuntana.com\/index.php?rest_route=\/wp\/v2\/posts\/9747\/revisions\/9749"}],"wp:featuredmedia":[{"embeddable":true,"href":"https:\/\/lavozpuntana.com\/index.php?rest_route=\/wp\/v2\/media\/9748"}],"wp:attachment":[{"href":"https:\/\/lavozpuntana.com\/index.php?rest_route=%2Fwp%2Fv2%2Fmedia&parent=9747"}],"wp:term":[{"taxonomy":"category","embeddable":true,"href":"https:\/\/lavozpuntana.com\/index.php?rest_route=%2Fwp%2Fv2%2Fcategories&post=9747"},{"taxonomy":"post_tag","embeddable":true,"href":"https:\/\/lavozpuntana.com\/index.php?rest_route=%2Fwp%2Fv2%2Ftags&post=9747"}],"curies":[{"name":"wp","href":"https:\/\/api.w.org\/{rel}","templated":true}]}}