{"id":9774,"date":"2023-07-23T23:58:23","date_gmt":"2023-07-24T02:58:23","guid":{"rendered":"https:\/\/lavozpuntana.com\/?p=9774"},"modified":"2023-09-05T00:19:37","modified_gmt":"2023-09-05T03:19:37","slug":"quienes-son-los-precandidatos-de-las-elecciones-paso-2023-en-san-luis","status":"publish","type":"post","link":"https:\/\/lavozpuntana.com\/?p=9774","title":{"rendered":"\u00bfQUI\u00c9NES SON LOS PRECANDIDATOS DE LAS ELECCIONES PASO 2023 EN SAN LUIS?"},"content":{"rendered":"\n<p><strong>En San Luis se deben elegir precandidatos a presidente y vice, tres senadores nacionales, dos diputados nacionales y un parlamentario del Mercosur. La mayor\u00eda de los partidos presentaron listas con precandidatos \u00fanicos, mientras que Juntos por el Cambio y el Frente de Izquierda de los Trabajadores Unidad, tienen dos listas que competir\u00e1n para las elecciones del 22 de octubre.<\/strong><\/p>\n\n\n\n<figure class=\"wp-block-image size-large\"><img loading=\"lazy\" decoding=\"async\" width=\"920\" height=\"641\" src=\"http:\/\/lavozpuntana.com\/wp-content\/uploads\/2023\/07\/elecciones-urna-voto-g20180522-707903-e1676654231125.jpg\" alt=\"\" class=\"wp-image-9775\" srcset=\"https:\/\/lavozpuntana.com\/wp-content\/uploads\/2023\/07\/elecciones-urna-voto-g20180522-707903-e1676654231125.jpg 920w, https:\/\/lavozpuntana.com\/wp-content\/uploads\/2023\/07\/elecciones-urna-voto-g20180522-707903-e1676654231125-300x209.jpg 300w, https:\/\/lavozpuntana.com\/wp-content\/uploads\/2023\/07\/elecciones-urna-voto-g20180522-707903-e1676654231125-768x535.jpg 768w\" sizes=\"auto, (max-width: 920px) 100vw, 920px\" \/><\/figure>\n\n\n\n<p>Es importante recordar que en las PASO cada lista debe obtener un piso del 1,5% de los votos v\u00e1lidos emitidos, con una lista o la sumatoria de ellas para poder participar de las elecciones generales de octubre.<\/p>\n\n\n\n<p>Senadores nacionales<\/p>\n\n\n\n<p>\u2013 Alianza Frente de Izquierda de los Trabajadores Unidad San Luis:<\/p>\n\n\n\n<p>Lista Unidad de Luchadores: Iv\u00e1n Amado y Susana Amieva. Suplentes: Jos\u00e9 Luis Soloa y Marcela Dagfal.<\/p>\n\n\n\n<p>Lista Unir y Fortalecer la Izquierda: Johana G\u00f3mez y Nahuel Arias. Suplentes: Sandra Ponzio y Luis Loyola.<\/p>\n\n\n\n<p>\u2013 Alianza la Libertad Avanza San Luis: Bartolom\u00e9 Abdala e Ivanna Arrascaeta. Suplentes: Carlos Vila y Gisella Galindez.<\/p>\n\n\n\n<p>\u2013 Juntos por el Cambio San Luis<\/p>\n\n\n\n<p>Lista el Cambio de Nuestras Vidas: Gabriela Gonz\u00e1lez Riollo y Federico Tronbotto. Suplentes: Mar\u00eda Eugenia Fern\u00e1ndez y Waldo P\u00e9rez.<\/p>\n\n\n\n<p>Lista Fuerza del Cambio: Jorge Lucero y Sandra Barroso. Suplentes: Daniel Berro y Noelia Vered.<\/p>\n\n\n\n<p>\u2013 Movimiento al Socialismo San Luis: Juan Migani y Anah\u00ed Gallado Luna. Suplentes: Franco Barbero y Ana Villegas.<\/p>\n\n\n\n<p>\u2013 Movimiento Libres del Sur: Joaqu\u00edn Mansilla y Cecilia Riquelme. Suplentes: Dami\u00e1n Flores y Claudia Rodr\u00edguez.<\/p>\n\n\n\n<p>\u2013 Partido Dem\u00f3crata San Luis: Alicia Romer y Mauricio Pestchanker. Suplentes: Claudia Nogueira y Pablo Bianchi.<\/p>\n\n\n\n<p>\u2013 Partido Uni\u00f3n y Libertad San Luis: Eduardo Gomina y Pamela Pardo. Suplentes: Diego Barrera y Mar\u00eda Elia Leyes.<\/p>\n\n\n\n<p>\u2013 Uni\u00f3n por San Luis: Fernando Salino y Cintia Ram\u00edrez. Suplentes: Fernando Larraud\u00e9 y Josefina Aldana.<\/p>\n\n\n\n<p>Diputados nacionales<\/p>\n\n\n\n<p>\u2013 Alianza Frente de Izquierda de los Trabajadores Unidad San Luis:<\/p>\n\n\n\n<p>Lista Unidad de Luchadores: Ram\u00f3n Olgu\u00edn y Ornella Dezzutto. Suplentes: Raiqu\u00e9n Olgu\u00edn y Sandra Garro<\/p>\n\n\n\n<p>Lista Unir y Fortalecer la Izquierda: Eleonora de Panis y Mario Jaime. Suplentes: Marta Garc\u00eda y Dionel Amaya.<\/p>\n\n\n\n<p>\u2013 Alianza la Libertad Avanza San Luis: Carlos Gonz\u00e1lez D\u2019Alessandro y Ver\u00f3nica Jordan. Suplentes: Claudio \u00c1lvarez y Mar\u00eda Marcela Grendene.<\/p>\n\n\n\n<p>\u2013 Juntos por el Cambio San Luis:<\/p>\n\n\n\n<p>Lista el Cambio de Nuestras Vidas: Alejandro Cacace y Valeria Lange. Suplentes: Javier Su\u00e1rez y Eugenia Ciminari<\/p>\n\n\n\n<p>Lista Fuerza del Cambio: Carlos Almena y Andrea Echenique. Suplentes: Oscar Oviedo y Nancy P\u00e1ez.<\/p>\n\n\n\n<p>\u2013 Movimiento al Socialismo San Luis: \u00cdtalo Gallardo Mu\u00f1oz y Nilda Abregu. Suplentes: Julio del Grosso y Ramona Alaniz.<\/p>\n\n\n\n<p>\u2013 Movimiento Libres del Sur: Ail\u00e9n Chaine y Kevin Videla. Suplentes: Agustina Cadile y Gonzalo Maldonado.<\/p>\n\n\n\n<p>\u2013 Partido Dem\u00f3crata San Luis: Federico Quiroga e Hilda Pedranzani. Suplentes: Marcelo Bongiovanni y Silvia Bonivardo.<\/p>\n\n\n\n<p>\u2013 Partido Uni\u00f3n y Libertad San Luis: Anicero Cuello y Martha Orozco. Suplentes: Carlos Bustamante y Delia Casta\u00f1eda.<\/p>\n\n\n\n<p>\u2013 Uni\u00f3n por San Luis: Ernesto Al\u00ed y Silvia Rapisarda. Suplentes: Juan Pablo Suarez y Susana Torres.<\/p>\n\n\n\n<p>Parlasur<\/p>\n\n\n\n<p>\u2013 Alianza Frente de Izquierda de los Trabajadores Unidad San Luis:<\/p>\n\n\n\n<p>Lista Unidad de Luchadores: Nehu\u00e9n Olgu\u00edn. Suplente: Daniela Basconcello.<\/p>\n\n\n\n<p>Lista Unir y Fortalecer la Izquierda: Natalia V\u00e9lez. Suplente: Jerem\u00edas Lizana.<\/p>\n\n\n\n<p>\u2013 Alianza la Libertad Avanza San Luis: H\u00e9ctor Oca\u00f1a. Suplente: Ylda Escudero.<\/p>\n\n\n\n<p>\u2013 Juntos por el Cambio San Luis<\/p>\n\n\n\n<p>Lista el Cambio de Nuestras Vidas: Juan Manuel Rigau. Suplente: Guadalupe Moreno.<\/p>\n\n\n\n<p>Lista Fuerza del Cambio: Carlos Pereira. Suplente: Cintia Gonz\u00e1lez.<\/p>\n\n\n\n<p>\u2013 Movimiento al Socialismo San Luis: V\u00edctor Ruiz. Suplente: Mar\u00eda Antonia Alaniz.<\/p>\n\n\n\n<p>\u2013 Movimiento Libres del Sur: Ariel Braverman. Suplente: Luciana S\u00e1nchez.<\/p>\n\n\n\n<p>\u2013 Partido Dem\u00f3crata San Luis: Omar Capiello. Suplente: Marta Vedova.<\/p>\n\n\n\n<p>\u2013 Partido Uni\u00f3n y Libertad San Luis: Augusto Van Soest. Suplente: Laura Rosales.<\/p>\n\n\n\n<p>\u2013 Uni\u00f3n por San Luis: Anabela Lucero. Suplente: Marcelo Sosa.<\/p>\n\n\n\n<p>Fuente: La Gaceta Digital.<\/p>\n","protected":false},"excerpt":{"rendered":"<p>En San Luis se deben elegir precandidatos a presidente y vice, tres senadores nacionales, dos diputados nacionales y un parlamentario del Mercosur. La mayor\u00eda de los partidos presentaron listas con precandidatos \u00fanicos, mientras que Juntos por el Cambio y el Frente de Izquierda de los Trabajadores Unidad, tienen dos listas que competir\u00e1n para las elecciones del 22 de octubre.<\/p>\n","protected":false},"author":4,"featured_media":9775,"comment_status":"closed","ping_status":"closed","sticky":false,"template":"","format":"standard","meta":{"footnotes":""},"categories":[4],"tags":[],"class_list":["post-9774","post","type-post","status-publish","format-standard","has-post-thumbnail","hentry","category-la-provincia"],"_links":{"self":[{"href":"https:\/\/lavozpuntana.com\/index.php?rest_route=\/wp\/v2\/posts\/9774","targetHints":{"allow":["GET"]}}],"collection":[{"href":"https:\/\/lavozpuntana.com\/index.php?rest_route=\/wp\/v2\/posts"}],"about":[{"href":"https:\/\/lavozpuntana.com\/index.php?rest_route=\/wp\/v2\/types\/post"}],"author":[{"embeddable":true,"href":"https:\/\/lavozpuntana.com\/index.php?rest_route=\/wp\/v2\/users\/4"}],"replies":[{"embeddable":true,"href":"https:\/\/lavozpuntana.com\/index.php?rest_route=%2Fwp%2Fv2%2Fcomments&post=9774"}],"version-history":[{"count":2,"href":"https:\/\/lavozpuntana.com\/index.php?rest_route=\/wp\/v2\/posts\/9774\/revisions"}],"predecessor-version":[{"id":9777,"href":"https:\/\/lavozpuntana.com\/index.php?rest_route=\/wp\/v2\/posts\/9774\/revisions\/9777"}],"wp:featuredmedia":[{"embeddable":true,"href":"https:\/\/lavozpuntana.com\/index.php?rest_route=\/wp\/v2\/media\/9775"}],"wp:attachment":[{"href":"https:\/\/lavozpuntana.com\/index.php?rest_route=%2Fwp%2Fv2%2Fmedia&parent=9774"}],"wp:term":[{"taxonomy":"category","embeddable":true,"href":"https:\/\/lavozpuntana.com\/index.php?rest_route=%2Fwp%2Fv2%2Fcategories&post=9774"},{"taxonomy":"post_tag","embeddable":true,"href":"https:\/\/lavozpuntana.com\/index.php?rest_route=%2Fwp%2Fv2%2Ftags&post=9774"}],"curies":[{"name":"wp","href":"https:\/\/api.w.org\/{rel}","templated":true}]}}