{"id":9778,"date":"2023-07-24T00:07:21","date_gmt":"2023-07-24T03:07:21","guid":{"rendered":"https:\/\/lavozpuntana.com\/?p=9778"},"modified":"2023-09-05T00:19:37","modified_gmt":"2023-09-05T03:19:37","slug":"este-martes-habra-corte-de-24-horas-de-agua-en-los-barrios-de-las-3-rotondas","status":"publish","type":"post","link":"https:\/\/lavozpuntana.com\/?p=9778","title":{"rendered":"ESTE MARTES HABR\u00c1 CORTE DE 24 HORAS DE AGUA EN LOS BARRIOS DE LAS 3 ROTONDAS"},"content":{"rendered":"\n<p><strong>La Municipalidad de San Luis comunic\u00f3 que se realizar\u00e1 un corte programado de agua de 24 horas el martes 25 de julio que afectar\u00e1 a los barrios comprendidos entre las tres rotondas en la zona norte de la ciudad. El motivo del corte son tareas de mantenimiento y empalme de la Nueva Planta Potabilizadora Vientos del Portezuelo a la red existente.<\/strong><\/p>\n\n\n\n<figure class=\"wp-block-image size-large\"><img loading=\"lazy\" decoding=\"async\" width=\"550\" height=\"413\" src=\"http:\/\/lavozpuntana.com\/wp-content\/uploads\/2023\/07\/0513cortedeagua.jpg\" alt=\"\" class=\"wp-image-9779\" srcset=\"https:\/\/lavozpuntana.com\/wp-content\/uploads\/2023\/07\/0513cortedeagua.jpg 550w, https:\/\/lavozpuntana.com\/wp-content\/uploads\/2023\/07\/0513cortedeagua-300x225.jpg 300w\" sizes=\"auto, (max-width: 550px) 100vw, 550px\" \/><\/figure>\n\n\n\n<p>Barrios afectados por el corte<\/p>\n\n\n\n<p>\u2022 56 Viv.<\/p>\n\n\n\n<p>\u2022 99 Viv.<\/p>\n\n\n\n<p>\u2022 102 Viv.(3ra Rotonda)<\/p>\n\n\n\n<p>\u2022 158 Viv.<\/p>\n\n\n\n<p>\u2022 131 Viv.<\/p>\n\n\n\n<p>\u2022 142 Viv.<\/p>\n\n\n\n<p>\u2022 171 Viv.<\/p>\n\n\n\n<p>\u2022 85 Viv.<\/p>\n\n\n\n<p>\u2022 157 Viv.<\/p>\n\n\n\n<p>\u2022 140 Viv.<\/p>\n\n\n\n<p>\u2022 102 Viv. (2da Rotonda)<\/p>\n\n\n\n<p>\u2022 137 Viv.<\/p>\n\n\n\n<p>\u2022 88 Viv.<\/p>\n\n\n\n<p>\u2022 155 Viv.<\/p>\n\n\n\n<p>\u2022 126 Viv.<\/p>\n\n\n\n<p>\u2022 136 Viv.<\/p>\n\n\n\n<p>\u2022 176 Viv.<\/p>\n\n\n\n<p>\u2022 148 Viv<\/p>\n\n\n\n<p>\u2022 153 Viv.<\/p>\n\n\n\n<p>\u2022 118 Viv.<\/p>\n\n\n\n<p>\u2022 123 Viv.<\/p>\n\n\n\n<p>\u2022 130 Viv.<\/p>\n\n\n\n<p>\u2022 164 Viv.<\/p>\n\n\n\n<p>\u2022 142 Viv.<\/p>\n\n\n\n<p>\u2022 148 Viv.<\/p>\n\n\n\n<p>\u2022 151 Viv.<\/p>\n\n\n\n<p>\u2022 116 Viv.<\/p>\n\n\n\n<p>Fuente: La Gaceta Digital. <\/p>\n","protected":false},"excerpt":{"rendered":"<p>La Municipalidad de San Luis comunic\u00f3 que se realizar\u00e1 un corte programado de agua de 24 horas el martes 25 de julio que afectar\u00e1 a los barrios comprendidos entre las tres rotondas en la zona norte de la ciudad. El motivo del corte son tareas de mantenimiento y empalme de la Nueva Planta Potabilizadora Vientos del Portezuelo a la red existente.<\/p>\n","protected":false},"author":4,"featured_media":9779,"comment_status":"closed","ping_status":"closed","sticky":false,"template":"","format":"standard","meta":{"footnotes":""},"categories":[4],"tags":[],"class_list":["post-9778","post","type-post","status-publish","format-standard","has-post-thumbnail","hentry","category-la-provincia"],"_links":{"self":[{"href":"https:\/\/lavozpuntana.com\/index.php?rest_route=\/wp\/v2\/posts\/9778","targetHints":{"allow":["GET"]}}],"collection":[{"href":"https:\/\/lavozpuntana.com\/index.php?rest_route=\/wp\/v2\/posts"}],"about":[{"href":"https:\/\/lavozpuntana.com\/index.php?rest_route=\/wp\/v2\/types\/post"}],"author":[{"embeddable":true,"href":"https:\/\/lavozpuntana.com\/index.php?rest_route=\/wp\/v2\/users\/4"}],"replies":[{"embeddable":true,"href":"https:\/\/lavozpuntana.com\/index.php?rest_route=%2Fwp%2Fv2%2Fcomments&post=9778"}],"version-history":[{"count":1,"href":"https:\/\/lavozpuntana.com\/index.php?rest_route=\/wp\/v2\/posts\/9778\/revisions"}],"predecessor-version":[{"id":9780,"href":"https:\/\/lavozpuntana.com\/index.php?rest_route=\/wp\/v2\/posts\/9778\/revisions\/9780"}],"wp:featuredmedia":[{"embeddable":true,"href":"https:\/\/lavozpuntana.com\/index.php?rest_route=\/wp\/v2\/media\/9779"}],"wp:attachment":[{"href":"https:\/\/lavozpuntana.com\/index.php?rest_route=%2Fwp%2Fv2%2Fmedia&parent=9778"}],"wp:term":[{"taxonomy":"category","embeddable":true,"href":"https:\/\/lavozpuntana.com\/index.php?rest_route=%2Fwp%2Fv2%2Fcategories&post=9778"},{"taxonomy":"post_tag","embeddable":true,"href":"https:\/\/lavozpuntana.com\/index.php?rest_route=%2Fwp%2Fv2%2Ftags&post=9778"}],"curies":[{"name":"wp","href":"https:\/\/api.w.org\/{rel}","templated":true}]}}