{"id":9785,"date":"2023-07-25T00:59:26","date_gmt":"2023-07-25T03:59:26","guid":{"rendered":"https:\/\/lavozpuntana.com\/?p=9785"},"modified":"2023-09-05T00:19:37","modified_gmt":"2023-09-05T03:19:37","slug":"el-tribunal-de-impugnaciones-fijara-nueva-fecha-de-audiencia-para-tratar-el-desalojo-del-vulpiani","status":"publish","type":"post","link":"https:\/\/lavozpuntana.com\/?p=9785","title":{"rendered":"EL TRIBUNAL DE IMPUGNACIONES FIJAR\u00c1 NUEVA FECHA DE AUDIENCIA PARA TRATAR EL DESALOJO DEL VULPIANI"},"content":{"rendered":"\n<p><strong>La audiencia de apelaci\u00f3n que se iba a realizar este lunes para tratar el pedido de desalojo del acampe que se desarrolla en el Parque Vulpiani de Juana Koslay se suspendi\u00f3 y Tribunal de Impugnaciones fijar\u00e1 una nueva fecha.<\/strong><\/p>\n\n\n\n<figure class=\"wp-block-image size-large\"><img loading=\"lazy\" decoding=\"async\" width=\"1024\" height=\"576\" src=\"https:\/\/lavozpuntana.com\/wp-content\/uploads\/2023\/07\/acampe-1536x864-2-1-1024x576.jpg\" alt=\"\" class=\"wp-image-9787\" srcset=\"https:\/\/lavozpuntana.com\/wp-content\/uploads\/2023\/07\/acampe-1536x864-2-1-1024x576.jpg 1024w, https:\/\/lavozpuntana.com\/wp-content\/uploads\/2023\/07\/acampe-1536x864-2-1-300x169.jpg 300w, https:\/\/lavozpuntana.com\/wp-content\/uploads\/2023\/07\/acampe-1536x864-2-1-768x432.jpg 768w, https:\/\/lavozpuntana.com\/wp-content\/uploads\/2023\/07\/acampe-1536x864-2-1-800x450.jpg 800w, https:\/\/lavozpuntana.com\/wp-content\/uploads\/2023\/07\/acampe-1536x864-2-1.jpg 1536w\" sizes=\"auto, (max-width: 1024px) 100vw, 1024px\" \/><\/figure>\n\n\n\n<p>La audiencia de apelaci\u00f3n hab\u00eda sido solicitada por la Fiscal\u00eda N\u00b0 4, a cargo de Mar\u00eda del Valle Dur\u00e1n, luego que el juez de Garant\u00eda N\u00b03, Marcos Flores Leyes, rechazara el pedido de desalojo del lugar pedido por la empresa Serving para comenzar la obra proyectada por el Gobierno.<\/p>\n\n\n\n<p>El Tribunal decidi\u00f3 postergar la reuni\u00f3n debido a que el abogado Gustavo Quiroga, representante de los integrantes de la Asamblea Ciudadana en Defensa del Vulpiani, realiz\u00f3 una serie de planteos previos.<\/p>\n\n\n\n<p>\u201cLa audiencia se suspendi\u00f3 en virtud de una serie de presentaciones realizadas por el doctor Quiroga donde solicit\u00f3, entre otras cuestiones, participar de la audiencia, no obstante, no se extrae de las constancias de la causa que rol ostentar\u00eda. Por tanto, siendo necesario resolver esos planteos antes de la audiencia, previo dictamen fiscal. Cabe destacar que posteriormente se fijar\u00e1 nuevamente la audiencia\u201d, inform\u00f3 la jueza Laura Molino, presidente del Tribunal de Impugnaciones.<\/p>\n\n\n\n<p>El letrado, adem\u00e1s, pidi\u00f3 que la causa sea competencia de un fuero Civil y Ambiental y no del fuero Penal. Mientras tanto, los ambientalistas anunciaron la continuidad del acampe en el ingreso al parque, para evitar el inicio de los trabajos.<\/p>\n","protected":false},"excerpt":{"rendered":"<p>La audiencia de apelaci\u00f3n que se iba a realizar este lunes para tratar el pedido de desalojo del acampe que se desarrolla en el Parque Vulpiani de Juana Koslay se suspendi\u00f3 y Tribunal de Impugnaciones fijar\u00e1 una nueva fecha.<\/p>\n","protected":false},"author":4,"featured_media":9786,"comment_status":"closed","ping_status":"closed","sticky":false,"template":"","format":"standard","meta":{"footnotes":""},"categories":[4],"tags":[],"class_list":["post-9785","post","type-post","status-publish","format-standard","has-post-thumbnail","hentry","category-la-provincia"],"_links":{"self":[{"href":"https:\/\/lavozpuntana.com\/index.php?rest_route=\/wp\/v2\/posts\/9785","targetHints":{"allow":["GET"]}}],"collection":[{"href":"https:\/\/lavozpuntana.com\/index.php?rest_route=\/wp\/v2\/posts"}],"about":[{"href":"https:\/\/lavozpuntana.com\/index.php?rest_route=\/wp\/v2\/types\/post"}],"author":[{"embeddable":true,"href":"https:\/\/lavozpuntana.com\/index.php?rest_route=\/wp\/v2\/users\/4"}],"replies":[{"embeddable":true,"href":"https:\/\/lavozpuntana.com\/index.php?rest_route=%2Fwp%2Fv2%2Fcomments&post=9785"}],"version-history":[{"count":1,"href":"https:\/\/lavozpuntana.com\/index.php?rest_route=\/wp\/v2\/posts\/9785\/revisions"}],"predecessor-version":[{"id":9788,"href":"https:\/\/lavozpuntana.com\/index.php?rest_route=\/wp\/v2\/posts\/9785\/revisions\/9788"}],"wp:featuredmedia":[{"embeddable":true,"href":"https:\/\/lavozpuntana.com\/index.php?rest_route=\/wp\/v2\/media\/9786"}],"wp:attachment":[{"href":"https:\/\/lavozpuntana.com\/index.php?rest_route=%2Fwp%2Fv2%2Fmedia&parent=9785"}],"wp:term":[{"taxonomy":"category","embeddable":true,"href":"https:\/\/lavozpuntana.com\/index.php?rest_route=%2Fwp%2Fv2%2Fcategories&post=9785"},{"taxonomy":"post_tag","embeddable":true,"href":"https:\/\/lavozpuntana.com\/index.php?rest_route=%2Fwp%2Fv2%2Ftags&post=9785"}],"curies":[{"name":"wp","href":"https:\/\/api.w.org\/{rel}","templated":true}]}}