{"id":9825,"date":"2023-07-27T00:18:06","date_gmt":"2023-07-27T03:18:06","guid":{"rendered":"https:\/\/lavozpuntana.com\/?p=9825"},"modified":"2023-09-05T00:20:08","modified_gmt":"2023-09-05T03:20:08","slug":"los-diputados-de-alberto-rodriguez-saa-aprobaron-la-designacion-de-53-funcionarios-politicos-con-sueldos-de-800-mil-en-la-legislatura","status":"publish","type":"post","link":"https:\/\/lavozpuntana.com\/?p=9825","title":{"rendered":"LOS DIPUTADOS DE ALBERTO RODR\u00cdGUEZ SA\u00c1 APROBARON LA DESIGNACI\u00d3N DE 53 FUNCIONARIOS POL\u00cdTICOS CON SUELDOS DE $800 MIL EN LA LEGISLATURA"},"content":{"rendered":"\n<p><strong>En una sesi\u00f3n escandalosa el bloque del gobernador en otro manazo sancion\u00f3 la ley que crea una mega estructura de cargos en las c\u00e1maras legislativas. El poggismo repudi\u00f3 la maniobra, se retir\u00f3 del recinto para no convalidar la pretensi\u00f3n oficialista de tratarla sobre tablas y despu\u00e9s vot\u00f3 en contra.<\/strong><\/p>\n\n\n\n<figure class=\"wp-block-image size-large\"><img loading=\"lazy\" decoding=\"async\" width=\"1024\" height=\"638\" src=\"http:\/\/lavozpuntana.com\/wp-content\/uploads\/2023\/07\/GEDC0928-WP-1024x638.jpg\" alt=\"\" class=\"wp-image-9826\" srcset=\"https:\/\/lavozpuntana.com\/wp-content\/uploads\/2023\/07\/GEDC0928-WP-1024x638.jpg 1024w, https:\/\/lavozpuntana.com\/wp-content\/uploads\/2023\/07\/GEDC0928-WP-300x187.jpg 300w, https:\/\/lavozpuntana.com\/wp-content\/uploads\/2023\/07\/GEDC0928-WP-768x479.jpg 768w, https:\/\/lavozpuntana.com\/wp-content\/uploads\/2023\/07\/GEDC0928-WP-1536x957.jpg 1536w, https:\/\/lavozpuntana.com\/wp-content\/uploads\/2023\/07\/GEDC0928-WP-2048x1276.jpg 2048w\" sizes=\"auto, (max-width: 1024px) 100vw, 1024px\" \/><figcaption>GE<\/figcaption><\/figure>\n\n\n\n<p>Los diputados de Alberto Rodr\u00edguez Sa\u00e1, del mismo modo que lo hicieron ayer los senadores, aprobaron a las apuradas la designaci\u00f3n de 53 cargos pol\u00edticos con sueldos superiores a los $800 mil.<\/p>\n\n\n\n<p>La desesperaci\u00f3n del gobernador y sus legisladores por tener qu\u00f3rum para&nbsp; dar luz verde a la estructura qued\u00f3 evidenciada en las im\u00e1genes que mostraron como obligaron a algunos diputados a entrar a la sesi\u00f3n. Ver\u00f3nica Garro lloraba descompuesta mientras las conduc\u00edan a su banca y en un momento en una crisis de nervios debieron asistirla y sacarla. A Sof\u00eda Larroud\u00e9 que est\u00e1 quebrada la hicieron venir desde Buena Esperanza para tener el n\u00famero suficiente.<\/p>\n\n\n\n<p>Seg\u00fan trascendi\u00f3, algunos diputados oficialistas no quer\u00edan aprobar el proyecto. Fueron presionados e intimados a levantar la mano. Sonia del Arco y Federico Berardo llevan a la banca a la diputada Ver\u00f3nica Garro que no estaba en condiciones de asistir.<\/p>\n\n\n\n<p>El bloque poggista de Unidos por San Luis repudi\u00f3 la maniobra del albertismo y se levant\u00f3 del recinto para no legitimar la intenci\u00f3n de oficialismo de crear nuevos cargos pol\u00edticos. Los diputados opositores se fueron para no convalidar el tratamiento sobre tablas y luego volvieron para votar en contra.<\/p>\n\n\n\n<p>Esta ley fue aprobada a instancias de Rodr\u00edguez Sa\u00e1 para nombrar a funcionarios y asesores que se quedar\u00e1n sin cargos a partir de diciembre en el Gobierno porque el partido oficialista perdi\u00f3 las elecciones. Teresa P\u00e1ez (Pedernera) ley\u00f3 los fundamentos que ya hab\u00eda dicho ayer en el Senado Diamela Freixes.<\/p>\n\n\n\n<p>El segundo esc\u00e1ndalo de la ma\u00f1ana corri\u00f3 por cuenta de la presidenta de la C\u00e1mara, Silvia Sosa Araujo que cerr\u00f3 la puerta y por unos momentos no permiti\u00f3 el ingreso de la oposici\u00f3n.<\/p>\n\n\n\n<p><strong>La Ley de creaci\u00f3n de cargos pol\u00edticos:<\/strong><\/p>\n\n\n\n<p>El Senado y la C\u00e1mara de Diputados de la Provincia de San Luis, sancionan con fuerza de Ley<\/p>\n\n\n\n<p>ESTRUCTURA FUNCIONAL DE LA C\u00c1MARA DE SENADORES Y DE LA C\u00c1MARA DE DIPUTADOS DE LA PROVINCIA DE SAN LUIS<\/p>\n\n\n\n<p>ART\u00cdCULO 1.-&nbsp;&nbsp;&nbsp;&nbsp; Apru\u00e9bese las estructuras funcionales de la C\u00e1mara de Senadores y de la C\u00e1mara de Diputados de la Provincia.<\/p>\n\n\n\n<p>ART\u00cdCULO 2.-&nbsp;&nbsp;&nbsp;&nbsp; Cr\u00e9anse los siguientes cargos con el car\u00e1cter que en cada caso se especifican a los fines de la dotaci\u00f3n de las estructuras org\u00e1nicas funcionales, cuya remuneraci\u00f3n correr\u00e1 por cuenta del estado provincial.<\/p>\n\n\n\n<p>a) UNIDAD DE ORGANIZACI\u00d3N C\u00c1MARA DE SENADORES<\/p>\n\n\n\n<p>Car\u00e1cter pol\u00edtico transitorio sin estabilidad-<\/p>\n\n\n\n<p>UN (1) cargo de Secretario Legislativo. \u2013<\/p>\n\n\n\n<p>UN (1) cargo de Secretario Administrativo. \u2013<\/p>\n\n\n\n<p>UN (1) cargo de Pro Secretario Legislativo. \u2013<\/p>\n\n\n\n<p>UN (1) cargo de Pro Secretario Administrativo. \u2013<\/p>\n\n\n\n<p>UN (1) cargo de Jefe de Informaci\u00f3n Parlamentaria. \u2013<\/p>\n\n\n\n<p>UN (1) cargo de Asesor Legal de C\u00e1mara. \u2013<\/p>\n\n\n\n<p>UN (1) cargo de Coordinador General Consorcio Palacio Legislativo. \u2013<\/p>\n\n\n\n<p>UN (1) cargo de Coordinador de Relaciones Institucionales. \u2013<\/p>\n\n\n\n<p>UN (1) cargo de Encargado de Prensa. \u2013<\/p>\n\n\n\n<p>UN (1) cargo de Director de Recursos humanos. \u2013<\/p>\n\n\n\n<p>UN (1) cargo de Director General Legislativo<\/p>\n\n\n\n<p>UN (1) cargo de Secretario Privado de Presidencia.<\/p>\n\n\n\n<p>Todos los cargos establecidos en esta categor\u00eda, salvo el secretario Privado de Presidencia de c\u00e1mara, ser\u00e1n designados por la c\u00e1mara de senadores por simple mayor\u00eda. \u2013<\/p>\n\n\n\n<p>Car\u00e1cter permanente con estabilidad.<\/p>\n\n\n\n<p>DOS (2) cargos en suministro. \u2013<\/p>\n\n\n\n<p>TRES (3) cargos en Servicio y Mantenimiento. \u2013<\/p>\n\n\n\n<p>DOS (2) cargos en Conmutador. \u2013<\/p>\n\n\n\n<p>CUATRO (4) cargos en Informaci\u00f3n Parlamentaria. \u2013<\/p>\n\n\n\n<p>UN (1) cargo en Archivo General. \u2013<\/p>\n\n\n\n<p>DOCE (12) cargos en Maestranza. \u2013<\/p>\n\n\n\n<p>DOS (2) cargos en Mesa de Entradas. \u2013<\/p>\n\n\n\n<p>DOS (2) cargos en Fotocopiadora. \u2013<\/p>\n\n\n\n<p>OCHO (8) cargos en Despacho Legislativo. \u2013<\/p>\n\n\n\n<p>DOS (2) cargos en extensi\u00f3n legislativa. \u2013<\/p>\n\n\n\n<p>UN (1) cargo en Privada de Presidencia. \u2013<\/p>\n\n\n\n<p>TRES (3) cargos en Coordinador de Comisiones. \u2013<\/p>\n\n\n\n<p>DOS (2) cargos en Recursos Humanos. \u2013<\/p>\n\n\n\n<p>UN (1) cargo en compras y contable. \u2013<\/p>\n\n\n\n<p>CINCO (5) cargos en Cuerpo de Taqu\u00edgrafos. \u2013<\/p>\n\n\n\n<p>UN (1) cargo en Archivo Hist\u00f3rico Legislativo. \u2013<\/p>\n\n\n\n<p>DOS (2) cargos en diario de Sesiones. \u2013<\/p>\n\n\n\n<p>CUATRO (4) cargos en Inform\u00e1tica. \u2013<\/p>\n\n\n\n<p>VEINTIDOS (22) cargos del Cuerpo Especial de Directores creado por el art\u00edculo 3 de esta ley. \u2013<\/p>\n\n\n\n<p>Todos los cargos establecidos en esta categor\u00eda ser\u00e1n designados por Resoluci\u00f3n de Presidencia, ad refer\u00e9ndum de la c\u00e1mara, excepto los cargos del cuerpo especial que se designan conforme a lo dispuesto en el Art\u00edculo 3 de la presente ley. \u2013<\/p>\n\n\n\n<p>b) UNIDAD DE ORGANIZACI\u00d3N C\u00c1MARA DE DIPUTADOS<\/p>\n\n\n\n<p>Car\u00e1cter pol\u00edtico transitorio sin estabilidad<\/p>\n\n\n\n<p>UN (1) cargo de Secretario Legislativo. \u2013<\/p>\n\n\n\n<p>UN (1) cargo de Secretario Administrativo. \u2013<\/p>\n\n\n\n<p>UN (1) cargo de Pro Secretario Legislativo. \u2013<\/p>\n\n\n\n<p>UN (1) cargo de Pro Secretario Administrativo. \u2013<\/p>\n\n\n\n<p>UN (1) cargo de Asesor Legal de C\u00e1mara. \u2013<\/p>\n\n\n\n<p>UN (1) cargo de Secretario Privado de Presidencia de C\u00e1mara. \u2013<\/p>\n\n\n\n<p>UN (1) cargo de Responsable de Intendencia del Edificio de C\u00e1mara de Diputados. \u2013<\/p>\n\n\n\n<p>UN (1) cargo de Encargado de Prensa. \u2013<\/p>\n\n\n\n<p>Todos los cargos establecidos en este car\u00e1cter, excepto el Secretario de Presidencia de C\u00e1mara, ser\u00e1n designados por la C\u00e1mara de Diputados por mayor\u00eda simple.<\/p>\n\n\n\n<p>Car\u00e1cter permanente con estabilidad<\/p>\n\n\n\n<p>DOS (2) cargos en Suministro. \u2013<\/p>\n\n\n\n<p>TRES (3) cargos en Servicio y Mantenimiento. \u2013<\/p>\n\n\n\n<p>DOS (2) cargos en Conmutador. \u2013<\/p>\n\n\n\n<p>CUATRO (4) cargos en Informaci\u00f3n Parlamentaria. \u2013<\/p>\n\n\n\n<p>UN (1) cargo en Archivo General. \u2013<\/p>\n\n\n\n<p>DOCE (12) cargos en Maestranza. \u2013<\/p>\n\n\n\n<p>DOS (2) cargos en Mesa de Entradas. \u2013<\/p>\n\n\n\n<p>DOS (2) cargos en Fotocopiadora. \u2013<\/p>\n\n\n\n<p>OCHO (8) cargos en Despacho Legislativo. \u2013<\/p>\n\n\n\n<p>DOS (2) cargos en Extensi\u00f3n Legislativa. \u2013<\/p>\n\n\n\n<p>UN (1) cargo en Privada de Presidencia. \u2013<\/p>\n\n\n\n<p>TRES (3) cargos en Coordinador de Comisiones. \u2013<\/p>\n\n\n\n<p>DOS (2) cargos en Liquidaci\u00f3n de Haberes y Gesti\u00f3n previsional. \u2013<\/p>\n\n\n\n<p>UN (1) cargo en Compras y Contable. \u2013<\/p>\n\n\n\n<p>CINCO (5) cargos en Cuerpo de Taqu\u00edgrafos. \u2013<\/p>\n\n\n\n<p>UN (1) cargo en Archivo Hist\u00f3rico Legislativo. \u2013<\/p>\n\n\n\n<p>DOS (2) cargos en Diario de Sesiones. \u2013<\/p>\n\n\n\n<p>CUATRO (4) cargos en Inform\u00e1tica. \u2013<\/p>\n\n\n\n<p>VEINTIOCHO (28) cargos del Cuerpo Especial de Directores creados por el art\u00edculo 3 de esta ley. \u2013<\/p>\n\n\n\n<p>Todos los cargos establecidos en este car\u00e1cter ser\u00e1n designados por resoluci\u00f3n de Presidencia de C\u00e1mara, ad refer\u00e9ndum de la c\u00e1mara, excepto los cargos del Cuerpo Especial de Directores que se designan de acuerdo a lo dispuesto por el art\u00edculo 3 de esta ley.<\/p>\n\n\n\n<p>ARTICULO 3.-&nbsp;&nbsp;&nbsp;&nbsp;&nbsp;&nbsp;&nbsp;&nbsp; Crease un Cuerpo Especial, destinado a mejorar y fortalecer la calidad legislativa en el \u00e1mbito de ambas c\u00e1maras, con car\u00e1cter permanente con estabilidad, denominado Directores de Comisi\u00f3n.&nbsp; Los mismos ser\u00e1n dos (2) por cada comisi\u00f3n de cada c\u00e1mara, en base a las comisiones establecidas en los respectivos reglamentos internos, m\u00e1s la comisi\u00f3n Bicameral.&nbsp; Asimismo, este cuerpo especial, tendr\u00e1 un Director Operativo contable por cada c\u00e1mara, que se crea tambi\u00e9n por la presente.&nbsp; Todos los Directores ser\u00e1n designados por cada c\u00e1mara, por mayor\u00eda simple, y tendr\u00e1n una retribuci\u00f3n equivalente a la de los prosecretarios de C\u00e1mara.<\/p>\n\n\n\n<p>ARTICULO 4. \u2013&nbsp;&nbsp;&nbsp;&nbsp; Los cargos con car\u00e1cter pol\u00edtico sin estabilidad y los del Cuerpo Especial de directores de Comisi\u00f3n depender\u00e1n directamente de cada c\u00e1mara. Ser\u00e1 cada C\u00e1mara quien le impartir\u00e1 las instrucciones a los efectos de cumplir con sus obligaciones y deberes. Se deber\u00e1n adecuar los reglamentos internos a lo dispuesto por esta ley, en orden a la supremac\u00eda legal. En caso de duda, hasta que se actualicen los reglamentos internos, rige lo dispuesto en esta ley. Se except\u00faa de lo dispuesto a los Secretarios y Pro Secretarios Administrativos que cumplir\u00e1n su funci\u00f3n en base a las instrucciones de Presidencia de C\u00e1mara.<\/p>\n\n\n\n<p>ARTICULO 5. \u2013&nbsp;&nbsp;&nbsp;&nbsp;&nbsp; El personal excedente de la estructura org\u00e1nica funcional, determinada en el art\u00edculo 2 de la presente, conservara su permanencia laboral en la c\u00e1mara hasta que la relaci\u00f3n laboral culmine por jubilaci\u00f3n, retiro voluntario o alguno de los medios que la Ley de Contrato de trabajo establece. \u2013<\/p>\n\n\n\n<p>ARTICULO 6. \u2013&nbsp;&nbsp;&nbsp;&nbsp;&nbsp;&nbsp;&nbsp; Toda designaci\u00f3n futura que exceda los l\u00edmites de la estructura org\u00e1nica funcional establecida en la presente, se considerar\u00e1 nula de nulidad absoluta. Quienes incumplan con esta disposici\u00f3n propiciando el ingreso de agentes, responder\u00e1n con su propio patrimonio, liberando al Estado de cualquier obligaci\u00f3n laboral, contractual, extracontractual y\/o funcional.&nbsp; Se deja a salvo la posibilidad de establecer otros cargos de Car\u00e1cter Pol\u00edtico transitorio, por medio de la mayor\u00eda simple de cada c\u00e1mara, pero no de car\u00e1cter permanente con estabilidad. \u2013<\/p>\n\n\n\n<p>ARTICULO 7. \u2013&nbsp;&nbsp;&nbsp; PERSONAL POLITICO Y GASTOS DE CADA LEGISLADOR.&nbsp; Ratif\u00edquese la resoluci\u00f3n N 053 \u2013 P \u2013 CD \u2013 2009. Los se\u00f1ores legisladores asumir\u00e1n el pago de las remuneraciones del personal que revista como personal pol\u00edtico transitorio, a excepci\u00f3n del consignado en el art\u00edculo 2 de la presente, asegurando total desvinculaci\u00f3n en la relaci\u00f3n de dependencia laboral, salarial, previsional y fiscal con el Estado Provincial. A estos efectos, disp\u00f3nese, para cada legislador, de DOCE (12) m\u00f3dulos anuales, equivalentes cada uno a un haber bruto que percibe en su car\u00e1cter de legislador. Adicionalmente, con dichos m\u00f3dulos, asumir\u00e1n los gastos de insumos, de telefon\u00eda celular, de asesoramiento, de gestor\u00eda, de servicios t\u00e9cnicos y profesionales, de transporte, pasajes, combustible, estad\u00eda y dem\u00e1s gastos que su actividad como legislador le genere para el cumplimiento de su funci\u00f3n.&nbsp; \u2013<\/p>\n\n\n\n<p>ARTICULO 8. \u2013&nbsp;&nbsp;&nbsp; Se dispone una recategorizaci\u00f3n para todo el personal legislativo, que cuente con CINCO (5) a\u00f1os o m\u00e1s de antig\u00fcedad, que pasaran a revistar en la categor\u00eda \u201cA\u201d del escalaf\u00f3n general. Asimismo, se dispone el pase a Planta Permanente de todo el personal legislativo que cuente con m\u00e1s de tres (3) meses de antig\u00fcedad, en un todo de acuerdo a lo establecido en el Art\u00edculo 5 de la ley XV-0391-2004 (5646), exceptuando al personal de Planta Pol\u00edtica transitoria.<\/p>\n\n\n\n<p>ARTICULO 9. \u2013&nbsp;&nbsp;&nbsp;&nbsp;&nbsp;&nbsp; Se abrir\u00e1 un registro para el personal de Planta permanente de ambas C\u00e1maras que, en forma voluntaria, solicitaren cumplir funciones en el \u00e1mbito del Poder Ejecutivo. La n\u00f3mina de postulantes ser\u00e1 remitida al Ministerio de Hacienda y, en caso de existir conformidad entre las partes, se celebrar\u00e1 el respectivo traspaso de dichos agentes, el que deber\u00e1 respetar los derechos laborales adquiridos por los mismos.<\/p>\n\n\n\n<p>Se invitar\u00e1 al personal a adherirse a la Pasividad Voluntaria Anticipada, en tanto re\u00fanan los requisitos, facilit\u00e1ndole los tramites pertinentes de aquellos que as\u00ed lo soliciten. \u2013<\/p>\n\n\n\n<p>ARTICULO 10. \u2013&nbsp;&nbsp;&nbsp;&nbsp;&nbsp;&nbsp;&nbsp;&nbsp; Las disposiciones de la presente ley son de orden p\u00fablico y entraran en vigencia a partir de los TREINTA (30) d\u00edas corridos de su publicaci\u00f3n en el Bolet\u00edn Oficial y Judicial de la Provincia. \u2013<\/p>\n\n\n\n<p>ARTICULO 11.-&nbsp; Facultar al Poder Ejecutivo a efectuar las modificaciones presupuestarias y prever las partidas presupuestarias necesarias para afrontar el gasto que demande la presente ley. \u2013<\/p>\n\n\n\n<p>ARTICULO 12. \u2013&nbsp;&nbsp; Cuando, el Poder Ejecutivo, disponga aumentos salariales para la administraci\u00f3n Publica Provincial deber\u00e1 otorgarlos incluyendo, autom\u00e1ticamente, a todo el personal legislativo incluido en el art\u00edculo 2 de la presente y a los legisladores de ambas c\u00e1maras.<\/p>\n\n\n\n<p>ARTICULO 13. \u2013&nbsp;&nbsp;&nbsp;&nbsp; Der\u00f3guese la ley XV-0790-2011.-<\/p>\n\n\n\n<p>ARTICULO 14. \u2013&nbsp;&nbsp;&nbsp; Reg\u00edstrese, g\u00edrese la presente para su revisi\u00f3n a la Honorable C\u00e1mara de Diputados de la provincia de San Luis, conforme lo dispone el art\u00edculo 131 de la Constituci\u00f3n Provincial.<\/p>\n\n\n\n<p>Fuente: El Chorrillero.<\/p>\n","protected":false},"excerpt":{"rendered":"<p>En una sesi\u00f3n escandalosa el bloque del gobernador en otro manazo sancion\u00f3 la ley que crea una mega estructura de cargos en las c\u00e1maras legislativas. El poggismo repudi\u00f3 la maniobra, se retir\u00f3 del recinto para no convalidar la pretensi\u00f3n oficialista de tratarla sobre tablas y despu\u00e9s vot\u00f3 en contra.<\/p>\n","protected":false},"author":4,"featured_media":9826,"comment_status":"closed","ping_status":"closed","sticky":false,"template":"","format":"standard","meta":{"footnotes":""},"categories":[4],"tags":[],"class_list":["post-9825","post","type-post","status-publish","format-standard","has-post-thumbnail","hentry","category-la-provincia"],"_links":{"self":[{"href":"https:\/\/lavozpuntana.com\/index.php?rest_route=\/wp\/v2\/posts\/9825","targetHints":{"allow":["GET"]}}],"collection":[{"href":"https:\/\/lavozpuntana.com\/index.php?rest_route=\/wp\/v2\/posts"}],"about":[{"href":"https:\/\/lavozpuntana.com\/index.php?rest_route=\/wp\/v2\/types\/post"}],"author":[{"embeddable":true,"href":"https:\/\/lavozpuntana.com\/index.php?rest_route=\/wp\/v2\/users\/4"}],"replies":[{"embeddable":true,"href":"https:\/\/lavozpuntana.com\/index.php?rest_route=%2Fwp%2Fv2%2Fcomments&post=9825"}],"version-history":[{"count":1,"href":"https:\/\/lavozpuntana.com\/index.php?rest_route=\/wp\/v2\/posts\/9825\/revisions"}],"predecessor-version":[{"id":9827,"href":"https:\/\/lavozpuntana.com\/index.php?rest_route=\/wp\/v2\/posts\/9825\/revisions\/9827"}],"wp:featuredmedia":[{"embeddable":true,"href":"https:\/\/lavozpuntana.com\/index.php?rest_route=\/wp\/v2\/media\/9826"}],"wp:attachment":[{"href":"https:\/\/lavozpuntana.com\/index.php?rest_route=%2Fwp%2Fv2%2Fmedia&parent=9825"}],"wp:term":[{"taxonomy":"category","embeddable":true,"href":"https:\/\/lavozpuntana.com\/index.php?rest_route=%2Fwp%2Fv2%2Fcategories&post=9825"},{"taxonomy":"post_tag","embeddable":true,"href":"https:\/\/lavozpuntana.com\/index.php?rest_route=%2Fwp%2Fv2%2Ftags&post=9825"}],"curies":[{"name":"wp","href":"https:\/\/api.w.org\/{rel}","templated":true}]}}