{"id":9971,"date":"2023-08-09T12:58:38","date_gmt":"2023-08-09T15:58:38","guid":{"rendered":"https:\/\/lavozpuntana.com\/?p=9971"},"modified":"2023-09-05T00:21:01","modified_gmt":"2023-09-05T03:21:01","slug":"el-oficialismo-avanza-con-su-proyecto-para-aumentar-la-coparticipacion-municipal","status":"publish","type":"post","link":"https:\/\/lavozpuntana.com\/?p=9971","title":{"rendered":"EL OFICIALISMO AVANZA CON SU PROYECTO PARA AUMENTAR LA COPARTICIPACI\u00d3N MUNICIPAL"},"content":{"rendered":"\n<p><strong>Este martes, a partir de las 13.30, intendentes oficialistas se reunieron con diputados y senadores del Frente Unidad Justicialista para tratar el aumento de la coparticipaci\u00f3n municipal. Esto se trata de un reclamo hist\u00f3rico de la oposici\u00f3n que, al igual que lo ocurrido con el defensor del Pueblo, el oficialismo ha tomado como propio para poder imponer sus t\u00e9rminos y, por m\u00e1s que no lo digan, limitar lo m\u00e1ximo posible el presupuesto con el que va a disponer la gesti\u00f3n de Claudio Poggi.<\/strong><\/p>\n\n\n\n<figure class=\"wp-block-image size-large\"><img loading=\"lazy\" decoding=\"async\" width=\"550\" height=\"421\" src=\"http:\/\/lavozpuntana.com\/wp-content\/uploads\/2023\/08\/oficialistas.jpg\" alt=\"\" class=\"wp-image-9972\" srcset=\"https:\/\/lavozpuntana.com\/wp-content\/uploads\/2023\/08\/oficialistas.jpg 550w, https:\/\/lavozpuntana.com\/wp-content\/uploads\/2023\/08\/oficialistas-300x230.jpg 300w\" sizes=\"auto, (max-width: 550px) 100vw, 550px\" \/><\/figure>\n\n\n\n<p>Durante el encuentro, los intendentes presentaron notas, dirigidas en su mayor\u00eda a Gloria Petrino (presidenta del bloque oficialista, solicitando una reuni\u00f3n para hablar del tema coparticipaci\u00f3n y tambi\u00e9n mencionando, de un modo u otro, que se hab\u00eda acordado un aumento con Jorge \u201cGato\u201d Fern\u00e1ndez, el candidato a gobernador del PJ provincial, derrotado por Claudio Poggi. \u201cLamentablemente, \u00e9l no obtuvo los votos suficientes para ganar la elecci\u00f3n a gobernador, por lo cual recurrimos a ustedes para que nos brinden la soluci\u00f3n que necesitamos urgente, teniendo en cuenta las dificultades econ\u00f3micas que atravesamos actualmente\u201d, dice la nota presentada en conjunto por los intendentes del departamento Chacabuco.<\/p>\n\n\n\n<p>\u201cNosotros sabemos que este es un reclamo que viene de hace muchos a\u00f1os por parte de ellos. La coparticipaci\u00f3n de los intendentes en muchos casos no es que no alcance, sino que los intendentes, adem\u00e1s de los servicios b\u00e1sicos que prestan en los pueblos, sobre todo en el interior, tambi\u00e9n se hacen cargo de lo que ser\u00edan en escuelas en los parajes; algunas veces tienen que tambi\u00e9n ayudar en la parte de salud, en la parte de seguridad, o sea, siempre se est\u00e1 prestando distintos servicios que no hacen a lo diario de ellos, pero que tambi\u00e9n implica erogaciones de dinero\u201d, argumento la diputada oficialista Claudia Pinelli, quien adem\u00e1s integra la comisi\u00f3n de Hacienda.<\/p>\n\n\n\n<p>\u201cLa mayor\u00eda de los intendentes de pueblos chicos o localidades peque\u00f1as tambi\u00e9n tienen en contra que no logran cobrar impuestos, o sea, no es como en las grandes urbes donde todos podemos cobrar. En este caso a ellos se les hace muy dif\u00edcil la tarea del cobro de impuestos, ya sea porque la gente no tiene trabajo, porque por ah\u00ed es bastante complicado. Entonces por ello ser\u00eda muy bueno esto que ellos est\u00e1n solicitando, que es ampliar lo que es el monto coparticipable de alguna forma\u201d, agreg\u00f3 la legisladora.<\/p>\n\n\n\n<p>Por el momento, no se ha puesto fecha de presentaci\u00f3n del proyecto, aunque se baraja que sea antes de septiembre, para que los municipios puedan presentar sus presupuestos 2024 en tiempo y forma. Tampoco se ha decidido, o no se quiso comunicar, el porcentaje del presupuesto provincial que el Gobierno deber\u00e1 coparticipar a los municipios.<\/p>\n\n\n\n<p>La ley actual establece que se debe coparticipar el 16% de, valga la redundancia, una masa coparticipable compuesta por distintos impuestos provinciales y el 50% de lo que la provincia recibe en materia de coparticipaci\u00f3n federal de impuestos. Desde la oposici\u00f3n siempre se dijo que esto se traduce en un 8% real del presupuesto que llega a los municipios. Supuestamente, el objetivo es que con la modificaci\u00f3n que piensa introducir el oficialismo, ser\u00e1 aproximadamente un 18% del presupuesto lo que llegue a los municipios.<\/p>\n\n\n\n<p>Algunas de las tantas notas presentadas por intendentes de la provincia.<\/p>\n\n\n\n<p>\u201cHoy es el 16%. Y queda un 3,5% que va a un fondo de desarrollo que es el que nosotros decimos que nunca se ha utilizado bien porque es bastante complicado y pide demasiados requisitos para acceder a \u00e9l, y un 0,5% que va a los ATP que tambi\u00e9n son discrecionales para los intendentes\u201d, dijo Pinelli, quien coment\u00f3 que todav\u00eda es muy temprano para hablar de cu\u00e1l va a ser el nuevo porcentaje coparticipable.<\/p>\n\n\n\n<p>A su vez, La Gaceta Digital consult\u00f3 a la diputada por el momento pol\u00edtico en que se elige realizar esta modificaci\u00f3n, atendiendo un reclamo hist\u00f3rico sobre el cual el oficialismo nunca actu\u00f3. \u201cSi vos te pon\u00e9s a pensar, yo creo que es un momento justo porque tenemos la mayor\u00eda en la C\u00e1mara en este momento. Yo voy a hablar desde mi bloque no hablo del otro bloque, pero yo creo que los otros bloques han tenido en alg\u00fan momento mayor\u00eda y no lo han hecho. Nosotros hoy somos mayor\u00eda y por eso tambi\u00e9n podemos hacerlo y estamos facultados. Yo creo que es por eso el momento no porque es un momento pol\u00edtico de recambio ni de nada, sino que estamos justamente con los n\u00fameros para que esta ley pueda salir y creo que es muy importante porque tambi\u00e9n estamos en concordancia con la oposici\u00f3n\u201d, respondi\u00f3 Pinelli, dejando m\u00e1s que claro que la oposici\u00f3n no va a tener mucho margen para quejarse de esta iniciativa. Lo que no qued\u00f3 en claro es en qu\u00e9 momento fue que la oposici\u00f3n tuvo mayor\u00eda en la C\u00e1mara, lo cual no ocurre desde hace d\u00e9cadas, salvo por un breve lapso en que el poggismo, radicales y adolfistas estuvieron unidos en 2019.<\/p>\n\n\n\n<p>Cabe se\u00f1alar que la reuni\u00f3n de hoy fue \u00edntegramente oficialista. No particip\u00f3 ning\u00fan intendente o legislador opositor, y menos a\u00fan gente del equipo t\u00e9cnico del gobernador electo, que ser\u00e1 quien vea su presupuesto afectado.<\/p>\n\n\n\n<p>\u201cSi bien esto es algo que ya lo ven\u00edamos hablando m\u00e1s en su momento, hab\u00eda sido una promesa de campa\u00f1a y una manifestaci\u00f3n tambi\u00e9n de nuestro candidato gobernador en su momento, Gato Fern\u00e1ndez, en donde, bueno, \u00e9l tambi\u00e9n como ex intendente entend\u00eda perfectamente lo que nosotros est\u00e1bamos planteando\u201d, coment\u00f3 Romina Peralta, intendenta de Renca, al finalizar el encuentro. \u201cY bueno, tambi\u00e9n tiene que ver con la crisis econ\u00f3mica que vivimos a nivel nacional que seguramente el a\u00f1o que viene va a ser quiz\u00e1s peor\u201d, a\u00f1adi\u00f3 Peralta.<\/p>\n\n\n\n<p>Por su parte, Rosa Calder\u00f3n, de Villa de la Quebrada, enfoc\u00f3 su discurso en lo que se denomina \u201czonas grises\u201d, que son los parajes ubicados entre distintos ejidos municipales. \u201cCreemos que ha quedado muy desfasada en lo que es la ley de coparticipaci\u00f3n, ya que nosotros nos hacemos cargo, no tan solamente de lo que sea el \u00e9jido, como corresponde por ley los siete kil\u00f3metros y medio, sino tambi\u00e9n de todos los parajes de la zona de influencia. Nosotros hacemos, por ejemplo, todo lo que es la recolecci\u00f3n a la vera de la autopista 25 de mayo, donde se incluyen todos los parajes de lo que es la zona de influencia de Villa de la Quebrada\u201d, dijo Calder\u00f3n, quien tambi\u00e9n consider\u00f3 que las \u201ccoparticipaciones son m\u00ednimas en este momento con lo que es la econom\u00eda que estamos viviendo\u201d.<\/p>\n\n\n\n<p>Fuente: La Gaceta Digital.<\/p>\n","protected":false},"excerpt":{"rendered":"<p>Este martes, a partir de las 13.30, intendentes oficialistas se reunieron con diputados y senadores del Frente Unidad Justicialista para tratar el aumento de la coparticipaci\u00f3n municipal. Esto se trata de un reclamo hist\u00f3rico de la oposici\u00f3n que, al igual que lo ocurrido con el defensor del Pueblo, el oficialismo ha tomado como propio para poder imponer sus t\u00e9rminos y, por m\u00e1s que no lo digan, limitar lo m\u00e1ximo posible el presupuesto con el que va a disponer la gesti\u00f3n de Claudio Poggi.<\/p>\n","protected":false},"author":4,"featured_media":9972,"comment_status":"closed","ping_status":"closed","sticky":false,"template":"","format":"standard","meta":{"footnotes":""},"categories":[4],"tags":[],"class_list":["post-9971","post","type-post","status-publish","format-standard","has-post-thumbnail","hentry","category-la-provincia"],"_links":{"self":[{"href":"https:\/\/lavozpuntana.com\/index.php?rest_route=\/wp\/v2\/posts\/9971","targetHints":{"allow":["GET"]}}],"collection":[{"href":"https:\/\/lavozpuntana.com\/index.php?rest_route=\/wp\/v2\/posts"}],"about":[{"href":"https:\/\/lavozpuntana.com\/index.php?rest_route=\/wp\/v2\/types\/post"}],"author":[{"embeddable":true,"href":"https:\/\/lavozpuntana.com\/index.php?rest_route=\/wp\/v2\/users\/4"}],"replies":[{"embeddable":true,"href":"https:\/\/lavozpuntana.com\/index.php?rest_route=%2Fwp%2Fv2%2Fcomments&post=9971"}],"version-history":[{"count":1,"href":"https:\/\/lavozpuntana.com\/index.php?rest_route=\/wp\/v2\/posts\/9971\/revisions"}],"predecessor-version":[{"id":9973,"href":"https:\/\/lavozpuntana.com\/index.php?rest_route=\/wp\/v2\/posts\/9971\/revisions\/9973"}],"wp:featuredmedia":[{"embeddable":true,"href":"https:\/\/lavozpuntana.com\/index.php?rest_route=\/wp\/v2\/media\/9972"}],"wp:attachment":[{"href":"https:\/\/lavozpuntana.com\/index.php?rest_route=%2Fwp%2Fv2%2Fmedia&parent=9971"}],"wp:term":[{"taxonomy":"category","embeddable":true,"href":"https:\/\/lavozpuntana.com\/index.php?rest_route=%2Fwp%2Fv2%2Fcategories&post=9971"},{"taxonomy":"post_tag","embeddable":true,"href":"https:\/\/lavozpuntana.com\/index.php?rest_route=%2Fwp%2Fv2%2Ftags&post=9971"}],"curies":[{"name":"wp","href":"https:\/\/api.w.org\/{rel}","templated":true}]}}